{"id":98712,"date":"2021-12-03T09:32:08","date_gmt":"2021-12-03T14:32:08","guid":{"rendered":"http:\/\/elcuartopoder.com.mx\/nw\/?p=98712"},"modified":"2021-12-03T09:32:10","modified_gmt":"2021-12-03T14:32:10","slug":"el-igece-impartio-el-curso-de-capacitacion-sobre-el-impuesto-predial-y-el-catastro-a-funcionarios-municipales","status":"publish","type":"post","link":"https:\/\/elcuartopoder.com.mx\/nw\/estatales\/el-igece-impartio-el-curso-de-capacitacion-sobre-el-impuesto-predial-y-el-catastro-a-funcionarios-municipales\/","title":{"rendered":"El IGECE imparti\u00f3 el curso de capacitaci\u00f3n sobre el Impuesto Predial y el Catastro a funcionarios municipales"},"content":{"rendered":"\n<p>Solidaridad.- Con la finalidad de brindar capacitaci\u00f3n y asesor\u00eda t\u00e9cnica relacionada con el Fortalecimiento del Impuesto Predial y del Catastro a los Presidentes Municipales, Tesoreros, Directores y funcionarios de Catastro de Quintana Roo, la Secretar\u00eda de Finanzas y Planeaci\u00f3n (SEFIPLAN) a trav\u00e9s del Instituto Geogr\u00e1fico y Catastral (IGECE) en coordinaci\u00f3n con el Instituto para el Desarrollo T\u00e9cnico de las Haciendas P\u00fablicas (INDETEC) imparti\u00f3 el curso \u201cFortalecimiento del Impuesto Predial y del Catastro\u201d.<\/p>\n\n\n\n<p>En la exposici\u00f3n de motivos e inauguraci\u00f3n del curso Ricardo L\u00f3pez Rivera, Director General del IGECE En dijo que: \u201cEste curso es fundamental para la comprensi\u00f3n de la importancia de la calidad del dato catastral vinculada a una cartograf\u00eda que facilite las operaciones catastrales y la actualizaci\u00f3n de los valores catastrales procurando su aproximaci\u00f3n a los valores de mercado para dar cumplimiento al mandato del Art\u00edculo 115 Constitucional y propiciar la optimizaci\u00f3n en el cobro de sus impuestos propios y el consecuente fortalecimiento de las finanzas municipales\u201d.<\/p>\n\n\n\n<p>Es importante se\u00f1alar que la elaboraci\u00f3n de las Tablas de Valores Unitarios, requiere primordial importancia, por lo que es fundamental que debamos ampliar nuestro conocimiento y dominio del uso del suelo (PDU), servicios urbanos y su influencia en la determinaci\u00f3n de los procesos de zonificaci\u00f3n de valores, que faciliten la elaboraci\u00f3n oportuna de los instrumentos valuatorios aprobados por el Congreso del Estado, mismos que por ende han de garantizar los principios de equidad y de capacidad contributiva de la ciudadan\u00eda.<\/p>\n\n\n\n<p>El curso estuvo a cargo del instructor Lic. Jos\u00e9 Luis Flores Mota, que durante los d\u00edas 1 y 2 de diciembre, de 9 a 14 horas brind\u00f3 capacitaci\u00f3n y asesor\u00eda t\u00e9cnica relacionada con el manejo del Impuesto Predial y del Catastro.<\/p>\n\n\n\n<p>El evento fue clausurado por Luis David V\u00e1zquez Heredia, Subsecretario T\u00e9cnico Hacendario de la SEFIPLAN quien asever\u00f3 que: \u201cLa capacidad recaudatoria en Quintana Roo es un elemento esencial para garantizar la sustentabilidad de las finanzas p\u00fablicas, tanto en el \u00e1mbito local como en el estatal debido a la vinculaci\u00f3n institucional y codependencia que existe entre los niveles de gobierno en la actualidad; es por ello que felicit\u00f3 a los asistentes a este curso por su inter\u00e9s en actualizar las valuaciones inmobiliarias y modelar el funcionamiento del mercado de suelo que nos ayudar\u00e1 a posibilitar la estructuraci\u00f3n de esquemas tributarios m\u00e1s equitativos e inteligentes, que promuevan m\u00e1s y mejores pol\u00edticas p\u00fablicas\u201d.<\/p>\n\n\n\n<p><strong>Fuente:<\/strong> cgc.qroo.gob.mx<\/p>\n","protected":false},"excerpt":{"rendered":"<p>Solidaridad.- Con la finalidad de brindar capacitaci\u00f3n y asesor\u00eda t\u00e9cnica relacionada con el Fortalecimiento del Impuesto Predial y del Catastro a los Presidentes Municipales, Tesoreros, Directores y funcionarios de Catastro de Quintana Roo, la Secretar\u00eda de Finanzas y Planeaci\u00f3n (SEFIPLAN) a trav\u00e9s del Instituto Geogr\u00e1fico y Catastral (IGECE) en coordinaci\u00f3n con el Instituto para el [&hellip;]<\/p>\n","protected":false},"author":2,"featured_media":98713,"comment_status":"open","ping_status":"open","sticky":false,"template":"","format":"standard","meta":{"footnotes":""},"categories":[60],"tags":[],"class_list":["post-98712","post","type-post","status-publish","format-standard","has-post-thumbnail","hentry","category-estatales"],"_links":{"self":[{"href":"https:\/\/elcuartopoder.com.mx\/nw\/wp-json\/wp\/v2\/posts\/98712","targetHints":{"allow":["GET"]}}],"collection":[{"href":"https:\/\/elcuartopoder.com.mx\/nw\/wp-json\/wp\/v2\/posts"}],"about":[{"href":"https:\/\/elcuartopoder.com.mx\/nw\/wp-json\/wp\/v2\/types\/post"}],"author":[{"embeddable":true,"href":"https:\/\/elcuartopoder.com.mx\/nw\/wp-json\/wp\/v2\/users\/2"}],"replies":[{"embeddable":true,"href":"https:\/\/elcuartopoder.com.mx\/nw\/wp-json\/wp\/v2\/comments?post=98712"}],"version-history":[{"count":1,"href":"https:\/\/elcuartopoder.com.mx\/nw\/wp-json\/wp\/v2\/posts\/98712\/revisions"}],"predecessor-version":[{"id":98714,"href":"https:\/\/elcuartopoder.com.mx\/nw\/wp-json\/wp\/v2\/posts\/98712\/revisions\/98714"}],"wp:featuredmedia":[{"embeddable":true,"href":"https:\/\/elcuartopoder.com.mx\/nw\/wp-json\/wp\/v2\/media\/98713"}],"wp:attachment":[{"href":"https:\/\/elcuartopoder.com.mx\/nw\/wp-json\/wp\/v2\/media?parent=98712"}],"wp:term":[{"taxonomy":"category","embeddable":true,"href":"https:\/\/elcuartopoder.com.mx\/nw\/wp-json\/wp\/v2\/categories?post=98712"},{"taxonomy":"post_tag","embeddable":true,"href":"https:\/\/elcuartopoder.com.mx\/nw\/wp-json\/wp\/v2\/tags?post=98712"}],"curies":[{"name":"wp","href":"https:\/\/api.w.org\/{rel}","templated":true}]}}