{"id":98864,"date":"2021-12-06T11:00:03","date_gmt":"2021-12-06T16:00:03","guid":{"rendered":"http:\/\/elcuartopoder.com.mx\/nw\/?p=98864"},"modified":"2021-12-06T11:00:06","modified_gmt":"2021-12-06T16:00:06","slug":"hijo-de-vicente-fernandez-relacionado-con-integrante-del-cartel-de-sinaloa-olga-wornat","status":"publish","type":"post","link":"https:\/\/elcuartopoder.com.mx\/nw\/entretenimiento\/espectaculos\/hijo-de-vicente-fernandez-relacionado-con-integrante-del-cartel-de-sinaloa-olga-wornat\/","title":{"rendered":"Hijo de Vicente Fern\u00e1ndez, relacionado con integrante del c\u00e1rtel de Sinaloa: Olga Wornat"},"content":{"rendered":"\n<h2 class=\"wp-block-heading\">En el libro \u2018El \u00faltimo rey\u2019 la periodista habl\u00f3 de la amistad de Gerardo Fern\u00e1ndez con Ignacio \u2018Nacho\u2019 Coronel.<\/h2>\n\n\n\n<p>La familia de&nbsp;<strong>Vicente Fern\u00e1ndez<\/strong>&nbsp;no pasa de la preocupaci\u00f3n por el&nbsp;<strong>regreso al hospital del \u2018Charro de Huentitl\u00e1n\u2019<\/strong>&nbsp;cuando se ve envuelta en otro conflicto debido a que la periodista&nbsp;<strong>Olga Wornat relacion\u00f3 a uno de los hijos del cantante, Gerardo Fern\u00e1ndez, con el narcotr\u00e1fico<\/strong>.<\/p>\n\n\n\n<p>Por medio de una\u00a0<strong>biograf\u00eda no autorizada<\/strong>\u00a0del int\u00e9rprete de \u201cMujeres divinas\u201d,<em><strong>\u00a0El \u00faltimo rey<\/strong><\/em>, Wornat ahond\u00f3 en\u00a0<strong>los momentos m\u00e1s oscuros de su vida<\/strong>, como el secuestro de Vicente Fern\u00e1ndez Jr., en 1998, por parte de \u2018Los Mochaderos\u2019; aunque su padre pag\u00f3 3 millones de d\u00f3lares por su rescate, lo recuper\u00f3 con dos dedos menos.<\/p>\n\n\n\n<p> Ese es solo el inicio de un libro plasmado de agujeros negros. En entrevista con Julio Astillero, la periodista asegur\u00f3 que ese no es el \u00fanico lazo que lo une a estos grupos delictivos puesto que Gerardo, su hijo de en medio,\u00a0<strong>mantuvo una relaci\u00f3n de amistad con Ignacio \u2018Nacho\u2019 Coronel, integrante del c\u00e1rtel de Sinaloa\u00a0<\/strong>cuando Joaqu\u00edn \u2018El Chapo\u2019 Guzm\u00e1n e Ismael \u2018El Mayo\u2019 Zambada eran l\u00edderes. <\/p>\n\n\n\n<p> \u201c<strong>Descubro a uno de los hijos y es ah\u00ed donde se desata todo el nudo de la historia<\/strong>\u00a0que va a sorprender mucho, es Gerardo, el hijo de en medio.\u00a0<strong>Es ambicioso, es inescrupuloso, tiene relaciones turbias. Fue capaz de robar a su padre<\/strong>, fue capaz de robarle a su hermano porque le manejaba el dinero de los parientes, fue capaz de robarle a Juan Gabriel, le ment\u00eda al padre y ese se va a quedar con todo el imperio que deja Vicente Fern\u00e1ndez, es quien maneja el dinero de esa gran dinast\u00eda\u201d, cont\u00f3. <\/p>\n\n\n\n<p>Pero no se queda ah\u00ed. El libro tambi\u00e9n apunta que fue&nbsp;<strong>Gerardo quien secuestr\u00f3 a su hermano Vicente Fern\u00e1ndez Jr. hace apenas unos meses<\/strong>, cuando lo intern\u00f3 en contra de su voluntad en una cl\u00ednica de rehabilitaci\u00f3n, algo que relaciona a un problema conectado a la herencia de Vicente Fern\u00e1ndez.<\/p>\n\n\n\n<p>\u201cHay agujeros en su vida importantes, en su familia, en esta dinast\u00eda.\u00a0<strong>No fue un buen padre, hubo muchas ausencias, tuvo momentos muy complicados<\/strong>. Por eso comienzo el libro con el secuestro de Vicente Jr, que me cost\u00f3 enormemente armarlo con testimonios de personas,\u00a0<strong>acced\u00ed a testimonios de familiares y amigos\u00a0<\/strong>que me contaron porque nunca se habl\u00f3 de ese momento\u201d, dijo sobre el trabajo que presenta en la Feria del Libro en Guadalajara. <\/p>\n\n\n\n<p>Fuente: https:\/\/www.elfinanciero.com.mx\/espectaculos\/2021\/12\/03\/hijo-de-vicente-fernandez-relacionado-con-integrante-del-cartel-de-sinaloa-olga-wornat\/<\/p>\n","protected":false},"excerpt":{"rendered":"<p>En el libro \u2018El \u00faltimo rey\u2019 la periodista habl\u00f3 de la amistad de Gerardo Fern\u00e1ndez con Ignacio \u2018Nacho\u2019 Coronel. La familia de&nbsp;Vicente Fern\u00e1ndez&nbsp;no pasa de la preocupaci\u00f3n por el&nbsp;regreso al hospital del \u2018Charro de Huentitl\u00e1n\u2019&nbsp;cuando se ve envuelta en otro conflicto debido a que la periodista&nbsp;Olga Wornat relacion\u00f3 a uno de los hijos del cantante, [&hellip;]<\/p>\n","protected":false},"author":2,"featured_media":98865,"comment_status":"open","ping_status":"open","sticky":false,"template":"","format":"standard","meta":{"footnotes":""},"categories":[11],"tags":[],"class_list":["post-98864","post","type-post","status-publish","format-standard","has-post-thumbnail","hentry","category-espectaculos"],"_links":{"self":[{"href":"https:\/\/elcuartopoder.com.mx\/nw\/wp-json\/wp\/v2\/posts\/98864","targetHints":{"allow":["GET"]}}],"collection":[{"href":"https:\/\/elcuartopoder.com.mx\/nw\/wp-json\/wp\/v2\/posts"}],"about":[{"href":"https:\/\/elcuartopoder.com.mx\/nw\/wp-json\/wp\/v2\/types\/post"}],"author":[{"embeddable":true,"href":"https:\/\/elcuartopoder.com.mx\/nw\/wp-json\/wp\/v2\/users\/2"}],"replies":[{"embeddable":true,"href":"https:\/\/elcuartopoder.com.mx\/nw\/wp-json\/wp\/v2\/comments?post=98864"}],"version-history":[{"count":1,"href":"https:\/\/elcuartopoder.com.mx\/nw\/wp-json\/wp\/v2\/posts\/98864\/revisions"}],"predecessor-version":[{"id":98866,"href":"https:\/\/elcuartopoder.com.mx\/nw\/wp-json\/wp\/v2\/posts\/98864\/revisions\/98866"}],"wp:featuredmedia":[{"embeddable":true,"href":"https:\/\/elcuartopoder.com.mx\/nw\/wp-json\/wp\/v2\/media\/98865"}],"wp:attachment":[{"href":"https:\/\/elcuartopoder.com.mx\/nw\/wp-json\/wp\/v2\/media?parent=98864"}],"wp:term":[{"taxonomy":"category","embeddable":true,"href":"https:\/\/elcuartopoder.com.mx\/nw\/wp-json\/wp\/v2\/categories?post=98864"},{"taxonomy":"post_tag","embeddable":true,"href":"https:\/\/elcuartopoder.com.mx\/nw\/wp-json\/wp\/v2\/tags?post=98864"}],"curies":[{"name":"wp","href":"https:\/\/api.w.org\/{rel}","templated":true}]}}