{"id":98879,"date":"2021-12-06T14:47:26","date_gmt":"2021-12-06T19:47:26","guid":{"rendered":"http:\/\/elcuartopoder.com.mx\/nw\/?p=98879"},"modified":"2021-12-06T14:47:28","modified_gmt":"2021-12-06T19:47:28","slug":"fgj-cdmx-abre-carpeta-de-investigacion-por-el-atropellamiento-de-peregrinos-caen-2","status":"publish","type":"post","link":"https:\/\/elcuartopoder.com.mx\/nw\/policiacas\/fgj-cdmx-abre-carpeta-de-investigacion-por-el-atropellamiento-de-peregrinos-caen-2\/","title":{"rendered":"FGJ-CdMx abre carpeta de investigaci\u00f3n por el atropellamiento de peregrinos; caen 2"},"content":{"rendered":"\n<p>La&nbsp;<strong>Fiscal\u00eda General de Justicia de la Ciudad de M\u00e9xico<\/strong>&nbsp;(FGJ-CdMx) dio a conocer que ya investiga los hechos ocurridos sobre&nbsp;<strong>Calzada de Tlalpan,<\/strong>&nbsp;en donde un hombre en aparente estado de ebriedad&nbsp;<strong>atropell\u00f3 a 12 ciclistas<\/strong>, quienes resultaron lesionados.<\/p>\n\n\n\n<p>Los hechos ocurrieron este domingo alrededor de las 07:30 horas, cuando los peregrinos provenientes de la Alcald\u00eda Xochimilco viajaban a bordo de sus bicicletas sobre dicha calzada y Retorno 701, vialidades ubicadas en la colonia Avante de la Alcald\u00eda Coyoac\u00e1n, rumbo a la Bas\u00edlica de Guadalupe.<\/p>\n\n\n\n<p>Los 12 lesionados fueron trasladados a unidades m\u00e9dicas por las heridas que presentaban. Personal del Escuadr\u00f3n de Rescate y Urgencias M\u00e9dicas se present\u00f3 para auxiliar.<\/p>\n\n\n\n<p>A trav\u00e9s de su cuenta de Twitter, la Fiscal\u00eda capitalina dijo que inici\u00f3 una carpeta de investigaci\u00f3n \u201cpor la probable comisi\u00f3n de los delitos de lesiones culposas por tr\u00e1nsito de veh\u00edculo y resistencia de particulares\u201d.<\/p>\n\n\n\n<p>Adem\u00e1s, inform\u00f3 que c\u00e9lulas de la Direcci\u00f3n General de Atenci\u00f3n a V\u00edctimas, adscrita a la Coordinaci\u00f3n General de Investigaci\u00f3n de Delitos de G\u00e9nero, se desplazaron tanto al lugar de los hechos, as\u00ed como a los hospitales a los que fueron trasladadas las personas lesionadas para brindarles a sus familiares el acompa\u00f1amiento jur\u00eddico y psicol\u00f3gico necesario.<\/p>\n\n\n\n<p>Asimismo, dijo que se estableci\u00f3 contacto con los directores de cada nosocomio, a fin de brindar atenci\u00f3n integral a las v\u00edctimas.<\/p>\n\n\n\n<p>En tanto, personal de la Coordinaci\u00f3n General de Investigaci\u00f3n Forense y Servicios Periciales, expertos en Criminal\u00edstica, Fotograf\u00eda, Tr\u00e1nsito Terrestre e Identificaci\u00f3n Forense, as\u00ed como Qu\u00edmica y Mec\u00e1nica Forense, iniciaron los peritajes correspondientes.<\/p>\n\n\n\n<figure class=\"wp-block-image\"><img decoding=\"async\" src=\"https:\/\/i0.wp.com\/www.sinembargo.mx\/wp-content\/uploads\/2021\/12\/atropellados-peregrinos.jpg?resize=700%2C935&amp;quality=80&amp;strip=all&amp;ssl=1\" alt=\"\" class=\"wp-image-4076880\"\/><figcaption>Un grupo de peregrinos procedentes de Xochimilco fueron atropellados en Calzada Tlalpan por un automovilista. Foto: Cristian Hern\u00e1ndez, Cuartoscuro.<\/figcaption><\/figure>\n\n\n\n<p>Mientras que tiempo en que agentes de la Polic\u00eda de Investigaci\u00f3n (PDI) adscritos a la Fiscal\u00eda recaban testimonios de testigos de los hechos, as\u00ed como im\u00e1genes de c\u00e1maras de videovigilancia, tanto p\u00fablicas como privadas.<\/p>\n\n\n\n<p>Por otro lado, anunci\u00f3 que el conductor de un veh\u00edculo, tipo sed\u00e1n, y su acompa\u00f1ante, se encuentran a disposici\u00f3n del agente del Ministerio P\u00fablico de la Fiscal\u00eda de Investigaci\u00f3n Territorial en Coyoac\u00e1n, quien determinar\u00e1 su situaci\u00f3n jur\u00eddica.<\/p>\n\n\n\n<p>Momentos despu\u00e9s de los hechos, Claudia Sheinbaum Pardo, Jefa de Gobierno capitalina, comparti\u00f3 que acudi\u00f3 al lugar, en donde se comprometi\u00f3 a dar todo el apoyo a las v\u00edctimas y visitarlas en los hospitales a los que fueron trasladadas para recibir atenci\u00f3n m\u00e9dica.<\/p>\n\n\n\n<p>\u201cEl responsable es la persona que ven\u00eda en estado de ebriedad y que arroll\u00f3. Y todo el peso de la ley contra esta persona. [\u2026] Vamos a pedirle a la Fiscal\u00eda que act\u00fae con toda responsabilidad. Hace algunos meses se cambi\u00f3 el C\u00f3digo Penal para que esto sea castigado todav\u00eda m\u00e1s con las personas que se suben a un veh\u00edculo en estado de ebriedad. Se les va a dar todo el apoyo. Vamos a estar en hospitales\u201d, coment\u00f3.<\/p>\n\n\n\n<p><strong>Fuente:<\/strong> sinembargo<\/p>\n","protected":false},"excerpt":{"rendered":"<p>La&nbsp;Fiscal\u00eda General de Justicia de la Ciudad de M\u00e9xico&nbsp;(FGJ-CdMx) dio a conocer que ya investiga los hechos ocurridos sobre&nbsp;Calzada de Tlalpan,&nbsp;en donde un hombre en aparente estado de ebriedad&nbsp;atropell\u00f3 a 12 ciclistas, quienes resultaron lesionados. Los hechos ocurrieron este domingo alrededor de las 07:30 horas, cuando los peregrinos provenientes de la Alcald\u00eda Xochimilco viajaban a [&hellip;]<\/p>\n","protected":false},"author":2,"featured_media":98880,"comment_status":"open","ping_status":"open","sticky":false,"template":"","format":"standard","meta":{"footnotes":""},"categories":[23],"tags":[],"class_list":["post-98879","post","type-post","status-publish","format-standard","has-post-thumbnail","hentry","category-policiacas"],"_links":{"self":[{"href":"https:\/\/elcuartopoder.com.mx\/nw\/wp-json\/wp\/v2\/posts\/98879","targetHints":{"allow":["GET"]}}],"collection":[{"href":"https:\/\/elcuartopoder.com.mx\/nw\/wp-json\/wp\/v2\/posts"}],"about":[{"href":"https:\/\/elcuartopoder.com.mx\/nw\/wp-json\/wp\/v2\/types\/post"}],"author":[{"embeddable":true,"href":"https:\/\/elcuartopoder.com.mx\/nw\/wp-json\/wp\/v2\/users\/2"}],"replies":[{"embeddable":true,"href":"https:\/\/elcuartopoder.com.mx\/nw\/wp-json\/wp\/v2\/comments?post=98879"}],"version-history":[{"count":1,"href":"https:\/\/elcuartopoder.com.mx\/nw\/wp-json\/wp\/v2\/posts\/98879\/revisions"}],"predecessor-version":[{"id":98881,"href":"https:\/\/elcuartopoder.com.mx\/nw\/wp-json\/wp\/v2\/posts\/98879\/revisions\/98881"}],"wp:featuredmedia":[{"embeddable":true,"href":"https:\/\/elcuartopoder.com.mx\/nw\/wp-json\/wp\/v2\/media\/98880"}],"wp:attachment":[{"href":"https:\/\/elcuartopoder.com.mx\/nw\/wp-json\/wp\/v2\/media?parent=98879"}],"wp:term":[{"taxonomy":"category","embeddable":true,"href":"https:\/\/elcuartopoder.com.mx\/nw\/wp-json\/wp\/v2\/categories?post=98879"},{"taxonomy":"post_tag","embeddable":true,"href":"https:\/\/elcuartopoder.com.mx\/nw\/wp-json\/wp\/v2\/tags?post=98879"}],"curies":[{"name":"wp","href":"https:\/\/api.w.org\/{rel}","templated":true}]}}