{"id":98892,"date":"2021-12-06T16:17:53","date_gmt":"2021-12-06T21:17:53","guid":{"rendered":"http:\/\/elcuartopoder.com.mx\/nw\/?p=98892"},"modified":"2021-12-06T16:17:55","modified_gmt":"2021-12-06T21:17:55","slug":"sentencian-a-miembro-del-cartel-de-los-arellano-felix-a-158-anos-de-carcel","status":"publish","type":"post","link":"https:\/\/elcuartopoder.com.mx\/nw\/policiacas\/sentencian-a-miembro-del-cartel-de-los-arellano-felix-a-158-anos-de-carcel\/","title":{"rendered":"Sentencian a miembro del c\u00e1rtel de los Arellano F\u00e9lix a 158 a\u00f1os de c\u00e1rcel"},"content":{"rendered":"\n<p>Un juez federal dict\u00f3 sentencia de 158 a\u00f1os de prisi\u00f3n en contra Roberto Mart\u00ednez Morales, integrante del c\u00e1rtel de los \u201cArellano F\u00e9lix\u201d, por los delitos de delincuencia organizada, privaci\u00f3n ilegal de la libertad, contra la salud, acopio de armas de fuego del uso exclusivo, homicidio simple y lesiones.<\/p>\n\n\n\n<p>Los elementos de prueba aportados por la Fiscal\u00eda General de la Rep\u00fablica (FGR) fueron suficientes para establecer la participaci\u00f3n del ahora sentenciado en dicho grupo delincuencial, dedicado al secuestro en Baja California, su papel en la organizaci\u00f3n era cometer los plagios, mantener en cauterio a las v\u00edctimas y tambi\u00e9n cuidar de plantas de mariguana que cultivaban en sus casas de seguridad.<\/p>\n\n\n\n<p>Mart\u00ednez Morales fue capturado desde el 30 de agosto de 2012 y sentenciado en primera instancia, sin embargo, apel\u00f3 ante el Segundo Tribunal Unitario del Segundo Circuito, quien revoc\u00f3 dicha pena y orden\u00f3 la reposici\u00f3n del procedimiento.<\/p>\n\n\n\n<p>Una vez que se repuso el juicio, enmendando las faltas de procedimiento se\u00f1alados por el tribunal, el Juez Segundo de Distrito de Procesos Penales Federales en el Estado de M\u00e9xico dict\u00f3 la nueva sentencia condenatoria.<\/p>\n\n\n\n<p><strong>Fuente:<\/strong> jornada<\/p>\n","protected":false},"excerpt":{"rendered":"<p>Un juez federal dict\u00f3 sentencia de 158 a\u00f1os de prisi\u00f3n en contra Roberto Mart\u00ednez Morales, integrante del c\u00e1rtel de los \u201cArellano F\u00e9lix\u201d, por los delitos de delincuencia organizada, privaci\u00f3n ilegal de la libertad, contra la salud, acopio de armas de fuego del uso exclusivo, homicidio simple y lesiones. Los elementos de prueba aportados por la [&hellip;]<\/p>\n","protected":false},"author":2,"featured_media":98893,"comment_status":"open","ping_status":"open","sticky":false,"template":"","format":"standard","meta":{"footnotes":""},"categories":[23],"tags":[],"class_list":["post-98892","post","type-post","status-publish","format-standard","has-post-thumbnail","hentry","category-policiacas"],"_links":{"self":[{"href":"https:\/\/elcuartopoder.com.mx\/nw\/wp-json\/wp\/v2\/posts\/98892","targetHints":{"allow":["GET"]}}],"collection":[{"href":"https:\/\/elcuartopoder.com.mx\/nw\/wp-json\/wp\/v2\/posts"}],"about":[{"href":"https:\/\/elcuartopoder.com.mx\/nw\/wp-json\/wp\/v2\/types\/post"}],"author":[{"embeddable":true,"href":"https:\/\/elcuartopoder.com.mx\/nw\/wp-json\/wp\/v2\/users\/2"}],"replies":[{"embeddable":true,"href":"https:\/\/elcuartopoder.com.mx\/nw\/wp-json\/wp\/v2\/comments?post=98892"}],"version-history":[{"count":1,"href":"https:\/\/elcuartopoder.com.mx\/nw\/wp-json\/wp\/v2\/posts\/98892\/revisions"}],"predecessor-version":[{"id":98894,"href":"https:\/\/elcuartopoder.com.mx\/nw\/wp-json\/wp\/v2\/posts\/98892\/revisions\/98894"}],"wp:featuredmedia":[{"embeddable":true,"href":"https:\/\/elcuartopoder.com.mx\/nw\/wp-json\/wp\/v2\/media\/98893"}],"wp:attachment":[{"href":"https:\/\/elcuartopoder.com.mx\/nw\/wp-json\/wp\/v2\/media?parent=98892"}],"wp:term":[{"taxonomy":"category","embeddable":true,"href":"https:\/\/elcuartopoder.com.mx\/nw\/wp-json\/wp\/v2\/categories?post=98892"},{"taxonomy":"post_tag","embeddable":true,"href":"https:\/\/elcuartopoder.com.mx\/nw\/wp-json\/wp\/v2\/tags?post=98892"}],"curies":[{"name":"wp","href":"https:\/\/api.w.org\/{rel}","templated":true}]}}