{"id":98898,"date":"2021-12-06T16:23:27","date_gmt":"2021-12-06T21:23:27","guid":{"rendered":"http:\/\/elcuartopoder.com.mx\/nw\/?p=98898"},"modified":"2021-12-06T16:23:28","modified_gmt":"2021-12-06T21:23:28","slug":"agentes-de-la-dea-no-podran-andar-como-andres-por-su-casa-en-mexico-asegura-amlo","status":"publish","type":"post","link":"https:\/\/elcuartopoder.com.mx\/nw\/nacionales\/agentes-de-la-dea-no-podran-andar-como-andres-por-su-casa-en-mexico-asegura-amlo\/","title":{"rendered":"Agentes de la DEA no podr\u00e1n andar como \u00abAndr\u00e9s por su casa\u00bb en M\u00e9xico, asegura AMLO"},"content":{"rendered":"\n<p>El presidente Andr\u00e9s Manuel L\u00f3pez Obrador asegur\u00f3 que, luego de que M\u00e9xico decidiera otorgar visas para agentes de la DEA, con el objeto de poder desplegarse en territorio nacional, los agentes tendr\u00e1n que sujetarse a la nueva ley de seguridad, respetar la soberan\u00eda y no meterse en todos lados como \u201cAndr\u00e9s por su casa\u201d.<\/p>\n\n\n\n<p>En conferencia de prensa desde el Estado de M\u00e9xico, en las instalaciones de la 22 Zona Militar, L\u00f3pez Obrador instruy\u00f3 al secretario de Relaciones Exteriores, Marcelo Ebrard a dar a conocer el n\u00famero de agentes que tendr\u00e1n visa, porque ya no es como antes que esos temas se manten\u00edan en la opacidad.<\/p>\n\n\n\n<p>\u201cQue se d\u00e9 a conocer la ley que es reform\u00f3 para que todos sepamos, nada oculto, nada hecho a espaldas a la gente como era antes que los mexicanos no sab\u00edan cu\u00e1ntos agentes del extranjero operaban en el pa\u00eds\u00bb, apunt\u00f3.<\/p>\n\n\n\n<p>\u201cHasta acompa\u00f1aban en los operativos a los elementos de las Fuerzas Armadas y de los polic\u00edas, hasta declaraban los embajadores Estados Unidos, me acuerdo que cu\u00e1ndo detuvieron y ajusticiaron o fue abatido como se le quiera llamar un jefe de grupo famoso, en Morelos, Arturo Beltr\u00e1n Leyva, aparte de qu\u00e9 profanaron el cuerpo, hicieron Publicidad\u201d, a\u00f1adi\u00f3.<\/p>\n\n\n\n<p>El mandatario mexicano critic\u00f3 que incluso un embajador de Estados Unidos en M\u00e9xico declar\u00f3 que dicho operativo fue hecho en conjunto con la Secretar\u00eda de Marina porque le ten\u00edan m\u00e1s confianza que al Ej\u00e9rcito mexicano.<\/p>\n\n\n\n<p>\u201cEntraban como \u2018Andr\u00e9s por su casa\u2019, no, no porque es la soberan\u00eda que tenemos que proteger y tenemos que actuar con respeto pero con apego al ordenamiento legal\u201d, apunt\u00f3.<\/p>\n\n\n\n<p><strong>Fuente:<\/strong> XEU<\/p>\n","protected":false},"excerpt":{"rendered":"<p>El presidente Andr\u00e9s Manuel L\u00f3pez Obrador asegur\u00f3 que, luego de que M\u00e9xico decidiera otorgar visas para agentes de la DEA, con el objeto de poder desplegarse en territorio nacional, los agentes tendr\u00e1n que sujetarse a la nueva ley de seguridad, respetar la soberan\u00eda y no meterse en todos lados como \u201cAndr\u00e9s por su casa\u201d. En [&hellip;]<\/p>\n","protected":false},"author":2,"featured_media":98899,"comment_status":"open","ping_status":"open","sticky":false,"template":"","format":"standard","meta":{"footnotes":""},"categories":[55],"tags":[],"class_list":["post-98898","post","type-post","status-publish","format-standard","has-post-thumbnail","hentry","category-nacionales"],"_links":{"self":[{"href":"https:\/\/elcuartopoder.com.mx\/nw\/wp-json\/wp\/v2\/posts\/98898","targetHints":{"allow":["GET"]}}],"collection":[{"href":"https:\/\/elcuartopoder.com.mx\/nw\/wp-json\/wp\/v2\/posts"}],"about":[{"href":"https:\/\/elcuartopoder.com.mx\/nw\/wp-json\/wp\/v2\/types\/post"}],"author":[{"embeddable":true,"href":"https:\/\/elcuartopoder.com.mx\/nw\/wp-json\/wp\/v2\/users\/2"}],"replies":[{"embeddable":true,"href":"https:\/\/elcuartopoder.com.mx\/nw\/wp-json\/wp\/v2\/comments?post=98898"}],"version-history":[{"count":1,"href":"https:\/\/elcuartopoder.com.mx\/nw\/wp-json\/wp\/v2\/posts\/98898\/revisions"}],"predecessor-version":[{"id":98900,"href":"https:\/\/elcuartopoder.com.mx\/nw\/wp-json\/wp\/v2\/posts\/98898\/revisions\/98900"}],"wp:featuredmedia":[{"embeddable":true,"href":"https:\/\/elcuartopoder.com.mx\/nw\/wp-json\/wp\/v2\/media\/98899"}],"wp:attachment":[{"href":"https:\/\/elcuartopoder.com.mx\/nw\/wp-json\/wp\/v2\/media?parent=98898"}],"wp:term":[{"taxonomy":"category","embeddable":true,"href":"https:\/\/elcuartopoder.com.mx\/nw\/wp-json\/wp\/v2\/categories?post=98898"},{"taxonomy":"post_tag","embeddable":true,"href":"https:\/\/elcuartopoder.com.mx\/nw\/wp-json\/wp\/v2\/tags?post=98898"}],"curies":[{"name":"wp","href":"https:\/\/api.w.org\/{rel}","templated":true}]}}