{"id":98901,"date":"2021-12-06T16:26:42","date_gmt":"2021-12-06T21:26:42","guid":{"rendered":"http:\/\/elcuartopoder.com.mx\/nw\/?p=98901"},"modified":"2021-12-06T16:26:43","modified_gmt":"2021-12-06T21:26:43","slug":"monreal-asegura-que-aparecera-en-boletas-de-elecciones-presidenciales-de-2024","status":"publish","type":"post","link":"https:\/\/elcuartopoder.com.mx\/nw\/politica\/monreal-asegura-que-aparecera-en-boletas-de-elecciones-presidenciales-de-2024\/","title":{"rendered":"Monreal asegura que aparecer\u00e1 en boletas de elecciones presidenciales de 2024"},"content":{"rendered":"\n<p>El senador de la Rep\u00fablica, Ricardo Monreal \u00c1vila afirm\u00f3 que s\u00ed&nbsp;estar\u00e1 en la boleta para elecciones presidenciales de 2024, dijo que es una aspiraci\u00f3n leg\u00edtima que tiene para la Silla Presidencial, esto en su visita a Chiapas para presentar su libro \u2018Otro campo es posible\u2019.<\/p>\n\n\n\n<p>\u00abYo les quiero decir que si voy a estar en el 2024, una vez que se lanza la convocatoria voy a estar ah\u00ed, me voy a inscribir lo he dicho, y no lo he ocultado nunca, es una aspiraci\u00f3n normal\u00bb, indic\u00f3.<\/p>\n\n\n\n<p>Al cuestionarle que el presidente de la Rep\u00fablica Andr\u00e9s Manuel L\u00f3pez Obrador, pareciera tener un favoritismo hacia la jefa de Gobierno Claudia Sheinbaum, indic\u00f3 que eso no le preocupa, e incluso espera que los tiempos se den y la forma de elegir al pr\u00f3ximo candidato sea de forma democr\u00e1tica.<\/p>\n\n\n\n<p>El senador sostuvo que no abandonar\u00e1 Morena \u00abno est\u00e1 en mis planes, mis planes est\u00e1 luchar por Morena, estar en Morena de manera limpia con piso parejo\u00bb, destac\u00f3.<\/p>\n\n\n\n<p><strong>Fuente:<\/strong> XEU<\/p>\n","protected":false},"excerpt":{"rendered":"<p>El senador de la Rep\u00fablica, Ricardo Monreal \u00c1vila afirm\u00f3 que s\u00ed&nbsp;estar\u00e1 en la boleta para elecciones presidenciales de 2024, dijo que es una aspiraci\u00f3n leg\u00edtima que tiene para la Silla Presidencial, esto en su visita a Chiapas para presentar su libro \u2018Otro campo es posible\u2019. \u00abYo les quiero decir que si voy a estar en [&hellip;]<\/p>\n","protected":false},"author":2,"featured_media":98902,"comment_status":"open","ping_status":"open","sticky":false,"template":"","format":"standard","meta":{"footnotes":""},"categories":[61],"tags":[],"class_list":["post-98901","post","type-post","status-publish","format-standard","has-post-thumbnail","hentry","category-politica"],"_links":{"self":[{"href":"https:\/\/elcuartopoder.com.mx\/nw\/wp-json\/wp\/v2\/posts\/98901","targetHints":{"allow":["GET"]}}],"collection":[{"href":"https:\/\/elcuartopoder.com.mx\/nw\/wp-json\/wp\/v2\/posts"}],"about":[{"href":"https:\/\/elcuartopoder.com.mx\/nw\/wp-json\/wp\/v2\/types\/post"}],"author":[{"embeddable":true,"href":"https:\/\/elcuartopoder.com.mx\/nw\/wp-json\/wp\/v2\/users\/2"}],"replies":[{"embeddable":true,"href":"https:\/\/elcuartopoder.com.mx\/nw\/wp-json\/wp\/v2\/comments?post=98901"}],"version-history":[{"count":1,"href":"https:\/\/elcuartopoder.com.mx\/nw\/wp-json\/wp\/v2\/posts\/98901\/revisions"}],"predecessor-version":[{"id":98903,"href":"https:\/\/elcuartopoder.com.mx\/nw\/wp-json\/wp\/v2\/posts\/98901\/revisions\/98903"}],"wp:featuredmedia":[{"embeddable":true,"href":"https:\/\/elcuartopoder.com.mx\/nw\/wp-json\/wp\/v2\/media\/98902"}],"wp:attachment":[{"href":"https:\/\/elcuartopoder.com.mx\/nw\/wp-json\/wp\/v2\/media?parent=98901"}],"wp:term":[{"taxonomy":"category","embeddable":true,"href":"https:\/\/elcuartopoder.com.mx\/nw\/wp-json\/wp\/v2\/categories?post=98901"},{"taxonomy":"post_tag","embeddable":true,"href":"https:\/\/elcuartopoder.com.mx\/nw\/wp-json\/wp\/v2\/tags?post=98901"}],"curies":[{"name":"wp","href":"https:\/\/api.w.org\/{rel}","templated":true}]}}