{"id":98904,"date":"2021-12-06T16:29:11","date_gmt":"2021-12-06T21:29:11","guid":{"rendered":"http:\/\/elcuartopoder.com.mx\/nw\/?p=98904"},"modified":"2021-12-06T16:29:13","modified_gmt":"2021-12-06T21:29:13","slug":"designan-a-luis-wertman-como-nuevo-titular-del-servicio-de-proteccion-federal","status":"publish","type":"post","link":"https:\/\/elcuartopoder.com.mx\/nw\/qtp\/designan-a-luis-wertman-como-nuevo-titular-del-servicio-de-proteccion-federal\/","title":{"rendered":"Designan a Luis Wertman como nuevo titular del Servicio de Protecci\u00f3n Federal"},"content":{"rendered":"\n<p>La Secretar\u00eda de Seguridad y Protecci\u00f3n Ciudadana (SSPC) inform\u00f3 este s\u00e1bado a trav\u00e9s de un comunicado la designaci\u00f3n de Luis Wertman Zaslav como el nuevo titular del Servicio de Protecci\u00f3n Federal (SPF).<\/p>\n\n\n\n<p>A continuaci\u00f3n, el comunicado:<\/p>\n\n\n\n<p>La Secretar\u00eda de Seguridad y Protecci\u00f3n Ciudadana (SSPC) informa que Luis Wertman Zaslav es el nuevo titular del Servicio de Protecci\u00f3n Federal (SPF).<\/p>\n\n\n\n<p>El nombramiento se da por instrucci\u00f3n del ejecutivo federal.<\/p>\n\n\n\n<p>Antes de asumir el cargo, el funcionario se desempe\u00f1aba como director general de Seguridad Privada de la SSPC.<\/p>\n\n\n\n<p>Es licenciado en Administraci\u00f3n, con maestr\u00eda en Administraci\u00f3n de Negocios; encabez\u00f3 el Consejo Ciudadano de Seguridad de la Ciudad de M\u00e9xico, de 2008 a 2018, e integr\u00f3 el Consejo Nacional de Seguridad como Representante de la sociedad civil, de 2015 a 2017.<\/p>\n\n\n\n<p>Wertman Zaslav sustituye a Manuel de Jes\u00fas Espino Barrientos, quien renunci\u00f3 el pasado 29 de noviembre.<\/p>\n\n\n\n<figure class=\"wp-block-embed-twitter wp-block-embed is-type-rich is-provider-twitter\"><div class=\"wp-block-embed__wrapper\">\n<blockquote class=\"twitter-tweet\" data-width=\"550\" data-dnt=\"true\"><p lang=\"es\" dir=\"ltr\"><a href=\"https:\/\/twitter.com\/hashtag\/Enterate?src=hash&amp;ref_src=twsrc%5Etfw\">#Enterate<\/a> \ud83d\udce3 <br><br>Es <a href=\"https:\/\/twitter.com\/LuisWertman?ref_src=twsrc%5Etfw\">@LuisWertman<\/a> Zaslav nuevo titular del Servicio de Protecci\u00f3n Federal <a href=\"https:\/\/twitter.com\/spf_sspc?ref_src=twsrc%5Etfw\">@spf_sspc<\/a>, organismo desconcentrado de la <a href=\"https:\/\/twitter.com\/hashtag\/SSPC?src=hash&amp;ref_src=twsrc%5Etfw\">#SSPC<\/a>. <br><br>M\u00e1s informaci\u00f3n en <a href=\"https:\/\/t.co\/L8yzpkPznG\">https:\/\/t.co\/L8yzpkPznG<\/a> <a href=\"https:\/\/t.co\/B6EFTwaBOW\">pic.twitter.com\/B6EFTwaBOW<\/a><\/p>&mdash; Secretar\u00eda de Seguridad y Protecci\u00f3n Ciudadana (@SSPCMexico) <a href=\"https:\/\/twitter.com\/SSPCMexico\/status\/1467255201170173952?ref_src=twsrc%5Etfw\">December 4, 2021<\/a><\/blockquote><script async src=\"https:\/\/platform.twitter.com\/widgets.js\" charset=\"utf-8\"><\/script>\n<\/div><\/figure>\n","protected":false},"excerpt":{"rendered":"<p>La Secretar\u00eda de Seguridad y Protecci\u00f3n Ciudadana (SSPC) inform\u00f3 este s\u00e1bado a trav\u00e9s de un comunicado la designaci\u00f3n de Luis Wertman Zaslav como el nuevo titular del Servicio de Protecci\u00f3n Federal (SPF). A continuaci\u00f3n, el comunicado: La Secretar\u00eda de Seguridad y Protecci\u00f3n Ciudadana (SSPC) informa que Luis Wertman Zaslav es el nuevo titular del Servicio [&hellip;]<\/p>\n","protected":false},"author":2,"featured_media":98905,"comment_status":"open","ping_status":"open","sticky":false,"template":"","format":"standard","meta":{"footnotes":""},"categories":[58],"tags":[],"class_list":["post-98904","post","type-post","status-publish","format-standard","has-post-thumbnail","hentry","category-qtp"],"_links":{"self":[{"href":"https:\/\/elcuartopoder.com.mx\/nw\/wp-json\/wp\/v2\/posts\/98904","targetHints":{"allow":["GET"]}}],"collection":[{"href":"https:\/\/elcuartopoder.com.mx\/nw\/wp-json\/wp\/v2\/posts"}],"about":[{"href":"https:\/\/elcuartopoder.com.mx\/nw\/wp-json\/wp\/v2\/types\/post"}],"author":[{"embeddable":true,"href":"https:\/\/elcuartopoder.com.mx\/nw\/wp-json\/wp\/v2\/users\/2"}],"replies":[{"embeddable":true,"href":"https:\/\/elcuartopoder.com.mx\/nw\/wp-json\/wp\/v2\/comments?post=98904"}],"version-history":[{"count":1,"href":"https:\/\/elcuartopoder.com.mx\/nw\/wp-json\/wp\/v2\/posts\/98904\/revisions"}],"predecessor-version":[{"id":98906,"href":"https:\/\/elcuartopoder.com.mx\/nw\/wp-json\/wp\/v2\/posts\/98904\/revisions\/98906"}],"wp:featuredmedia":[{"embeddable":true,"href":"https:\/\/elcuartopoder.com.mx\/nw\/wp-json\/wp\/v2\/media\/98905"}],"wp:attachment":[{"href":"https:\/\/elcuartopoder.com.mx\/nw\/wp-json\/wp\/v2\/media?parent=98904"}],"wp:term":[{"taxonomy":"category","embeddable":true,"href":"https:\/\/elcuartopoder.com.mx\/nw\/wp-json\/wp\/v2\/categories?post=98904"},{"taxonomy":"post_tag","embeddable":true,"href":"https:\/\/elcuartopoder.com.mx\/nw\/wp-json\/wp\/v2\/tags?post=98904"}],"curies":[{"name":"wp","href":"https:\/\/api.w.org\/{rel}","templated":true}]}}