{"id":98923,"date":"2021-12-07T09:24:31","date_gmt":"2021-12-07T14:24:31","guid":{"rendered":"http:\/\/elcuartopoder.com.mx\/nw\/?p=98923"},"modified":"2021-12-07T09:24:32","modified_gmt":"2021-12-07T14:24:32","slug":"autoridades-cumplimentan-orden-de-aprehension-contra-javier-duarte-por-desaparicion-forzada","status":"publish","type":"post","link":"https:\/\/elcuartopoder.com.mx\/nw\/destacadas\/autoridades-cumplimentan-orden-de-aprehension-contra-javier-duarte-por-desaparicion-forzada\/","title":{"rendered":"Autoridades cumplimentan orden de aprehensi\u00f3n contra Javier Duarte por desaparici\u00f3n forzada"},"content":{"rendered":"\n<p>Agentes de las Fiscal\u00edas de Justicia de la Ciudad de M\u00e9xico y Veracruz cumplimentaron este lunes una orden de aprehensi\u00f3n contra Javier Duarte de Ochoa por la probable comisi\u00f3n del delito de desaparici\u00f3n forzada de personas.<\/p>\n\n\n\n<p>\u201cEl cumplimiento del mandato judicial se realiz\u00f3 conforme al debido proceso\u201d, dijo la Fiscal\u00eda capitalina en un comunicado.<\/p>\n\n\n\n<p>Se\u00f1al\u00f3 que el mandamiento se notific\u00f3 a Duarte de Ochoa en el \u00e1rea jur\u00eddica del Reclusorio Norte, donde Duarte de Ochoa se encuentra actualmente privado de su libertad.<\/p>\n\n\n\n<p>Explic\u00f3 que, de acuerdo con la investigaci\u00f3n, el exgobernador est\u00e1 posiblemente relacionado con el hallazgo de los restos de varias personas en el municipio de Emiliano Zapata, Veracruz.<\/p>\n\n\n\n<p>\u201cAl momento de ser notificado, el individuo se neg\u00f3 a firmar el documento, por lo que se solicitaron videograbaciones para que se constatara la notificaci\u00f3n de la orden de aprehensi\u00f3n\u201d, precio la instituci\u00f3n capitalina.<\/p>\n\n\n\n<p>Se\u00f1al\u00f3 que a Duarte de Ochoa se le presume inocente por este caso y ser\u00e1 tratado como tal en todas las etapas del procedimiento, mientras no se declare su responsabilidad mediante sentencia emitida por el \u00f3rgano jurisdiccional en los t\u00e9rminos se\u00f1alados en el C\u00f3digo Nacional de Procedimientos Penales.<\/p>\n\n\n\n<p>Este lunes se notific\u00f3 una suspensi\u00f3n provisional que obtuvo Duarte de Ochoa contra cualquier orden de aprehensi\u00f3n, presentaci\u00f3n o comparecencia librada por la Fiscal\u00eda de Justicia de la Ciudad de M\u00e9xico.<\/p>\n\n\n\n<p>Respecto a esa suspensi\u00f3n, la autoridad capitalina no hizo alguna puntualizaci\u00f3n.<\/p>\n\n\n\n<p><strong>Fuente: <\/strong>elfinanciero<\/p>\n","protected":false},"excerpt":{"rendered":"<p>Agentes de las Fiscal\u00edas de Justicia de la Ciudad de M\u00e9xico y Veracruz cumplimentaron este lunes una orden de aprehensi\u00f3n contra Javier Duarte de Ochoa por la probable comisi\u00f3n del delito de desaparici\u00f3n forzada de personas. \u201cEl cumplimiento del mandato judicial se realiz\u00f3 conforme al debido proceso\u201d, dijo la Fiscal\u00eda capitalina en un comunicado. Se\u00f1al\u00f3 [&hellip;]<\/p>\n","protected":false},"author":2,"featured_media":98924,"comment_status":"open","ping_status":"open","sticky":false,"template":"","format":"standard","meta":{"footnotes":""},"categories":[59],"tags":[],"class_list":["post-98923","post","type-post","status-publish","format-standard","has-post-thumbnail","hentry","category-destacadas"],"_links":{"self":[{"href":"https:\/\/elcuartopoder.com.mx\/nw\/wp-json\/wp\/v2\/posts\/98923","targetHints":{"allow":["GET"]}}],"collection":[{"href":"https:\/\/elcuartopoder.com.mx\/nw\/wp-json\/wp\/v2\/posts"}],"about":[{"href":"https:\/\/elcuartopoder.com.mx\/nw\/wp-json\/wp\/v2\/types\/post"}],"author":[{"embeddable":true,"href":"https:\/\/elcuartopoder.com.mx\/nw\/wp-json\/wp\/v2\/users\/2"}],"replies":[{"embeddable":true,"href":"https:\/\/elcuartopoder.com.mx\/nw\/wp-json\/wp\/v2\/comments?post=98923"}],"version-history":[{"count":1,"href":"https:\/\/elcuartopoder.com.mx\/nw\/wp-json\/wp\/v2\/posts\/98923\/revisions"}],"predecessor-version":[{"id":98925,"href":"https:\/\/elcuartopoder.com.mx\/nw\/wp-json\/wp\/v2\/posts\/98923\/revisions\/98925"}],"wp:featuredmedia":[{"embeddable":true,"href":"https:\/\/elcuartopoder.com.mx\/nw\/wp-json\/wp\/v2\/media\/98924"}],"wp:attachment":[{"href":"https:\/\/elcuartopoder.com.mx\/nw\/wp-json\/wp\/v2\/media?parent=98923"}],"wp:term":[{"taxonomy":"category","embeddable":true,"href":"https:\/\/elcuartopoder.com.mx\/nw\/wp-json\/wp\/v2\/categories?post=98923"},{"taxonomy":"post_tag","embeddable":true,"href":"https:\/\/elcuartopoder.com.mx\/nw\/wp-json\/wp\/v2\/tags?post=98923"}],"curies":[{"name":"wp","href":"https:\/\/api.w.org\/{rel}","templated":true}]}}