{"id":99401,"date":"2021-12-14T10:53:14","date_gmt":"2021-12-14T15:53:14","guid":{"rendered":"http:\/\/elcuartopoder.com.mx\/nw\/?p=99401"},"modified":"2021-12-14T10:53:15","modified_gmt":"2021-12-14T15:53:15","slug":"afirma-rafa-marin-que-si-el-partido-se-lo-pide-aceptara-ir-por-la-gubernatura-de-quintana-roo","status":"publish","type":"post","link":"https:\/\/elcuartopoder.com.mx\/nw\/estatales\/afirma-rafa-marin-que-si-el-partido-se-lo-pide-aceptara-ir-por-la-gubernatura-de-quintana-roo\/","title":{"rendered":"Afirma \u2018Rafa\u2019 Mar\u00edn que s\u00ed el partido se lo pide aceptar\u00e1 ir por la Gubernatura de Quintana Roo"},"content":{"rendered":"\n<p>Contrario a lo que hab\u00eda manifestado en d\u00edas anteriores, donde pidi\u00f3 ya no cuestionarlo al respecto del proceso electoral de 2022 en Quintana Roo, esta ma\u00f1ana Rafael Mar\u00edn Mollinedo volvi\u00f3 a subirse al \u201ctren\u201d de aspirantes morenistas para disputar la Gubernatura.<\/p>\n\n\n\n<p>Y es que Mar\u00edn Mollinedo dijo en entrevista radiof\u00f3nica para un medio local, que s\u00ed el partido se lo pide \u00e9l aceptar\u00e1 ir por la Gubernatura de Quintana Roo, sin embargo, dijo que de momento no piensa en ello, ya que se encuentra enfocado en el proyecto que le ha encomendado el presidente de la Rep\u00fablica, Andr\u00e9s Manuel L\u00f3pez Obrador, que es el Corredor Interoce\u00e1nico del Istmo de Tehuantepec.\u00a0<\/p>\n\n\n\n<p>Pero, al ser cuestionado directamente sobre s\u00ed le gustar\u00eda entrar al ruedo por la Gubernatura, se\u00f1al\u00f3 que para \u00e9l representar\u00eda un orgullo el poder abanderar al movimiento en la contienda, ya que es fundador del partido y por ello aceptar\u00eda encantado si se lo llegar\u00e1n a pedir.&nbsp;<\/p>\n\n\n\n<p>\u201cDe momento no estoy pensando en eso, yo sigo en el proyecto (el Corredor), el presidente me ha pedido no distraerme y yo estoy enfocado, pero s\u00ed llegado el momento el partido(Morena), me lo pide, yo estar\u00e9 encantado y orgulloso de abanderarlos en la contienda\u201d, se\u00f1al\u00f3 Rafael Mar\u00edn.<\/p>\n\n\n\n<p>Por otra parte, cuestionado sobre los aspirantes finales de Morena, Mar\u00edn dijo que son buenos perfiles, de gente trabajadora, por lo que ve que el partido tiene cartas fuertes para poder disputar el proceso electoral donde estar\u00e1 en juego la Gubernatura de Quintana Roo.<\/p>\n\n\n\n<p>En este sentido, dijo que \u00e9l s\u00f3lo podr\u00eda entrar en la escena electoral s\u00ed las encuestas que realiza el partido no les satisfacen por completo, ya que de ocurrir eso el movimiento activar\u00eda la cl\u00e1usula que existe en la convocatoria para meter a alguien que no est\u00e1 registrado.<\/p>\n\n\n\n<p><strong>Llamado a la uni\u00f3n<\/strong><\/p>\n\n\n\n<p>Por medio de un videomensaje difundido en sus redes sociales ayer por la noche, Rafael Mar\u00edn Mollinedo pidi\u00f3 a la militancia de Morena y a los actores pol\u00edticos que conforman el movimiento en Quintana Roo cerrar filas y evitar rompimientos de cara a lo que ser\u00e1 el proceso electoral del 2022 donde estar\u00e1 en juego la Gubernatura de la entidad.<\/p>\n\n\n\n<p>En dicho mensaje, Mar\u00edn Mollinedo se\u00f1al\u00f3 que al ser Morena el partido que predomina en Quintana Roo todos los que conforman el movimiento deben de actuar con responsabilidad para responder de buena forma a la confianza que la ciudadan\u00eda ha depositado en ellos, por lo que hizo \u00e9nfasis en la importancia de mantenerse unidos.&nbsp;<\/p>\n\n\n\n<p>Asimismo, \u201cRafa\u201d coment\u00f3 que la entidad est\u00e1 atravesando por tiempos dif\u00edciles, en sectores econ\u00f3micos, social y de seguridad, por lo que dej\u00f3 claro que s\u00f3lo el trabajo conjunto podr\u00e1 ayudar a contrarrestar las problem\u00e1ticas a las que se enfrentan d\u00eda con d\u00eda en el Caribe mexicano.&nbsp;<\/p>\n\n\n\n<p>\u201cPara que nuestro movimiento siga predominando en esta entidad debemos de actuar con gran responsabilidad para poder salir adelante\u201d, resalt\u00f3 Mar\u00edn.<\/p>\n\n\n\n<p><strong>Fuente:<\/strong> marcrixnoticias<\/p>\n","protected":false},"excerpt":{"rendered":"<p>Contrario a lo que hab\u00eda manifestado en d\u00edas anteriores, donde pidi\u00f3 ya no cuestionarlo al respecto del proceso electoral de 2022 en Quintana Roo, esta ma\u00f1ana Rafael Mar\u00edn Mollinedo volvi\u00f3 a subirse al \u201ctren\u201d de aspirantes morenistas para disputar la Gubernatura. Y es que Mar\u00edn Mollinedo dijo en entrevista radiof\u00f3nica para un medio local, que [&hellip;]<\/p>\n","protected":false},"author":2,"featured_media":99402,"comment_status":"open","ping_status":"open","sticky":false,"template":"","format":"standard","meta":{"footnotes":""},"categories":[60],"tags":[],"class_list":["post-99401","post","type-post","status-publish","format-standard","has-post-thumbnail","hentry","category-estatales"],"_links":{"self":[{"href":"https:\/\/elcuartopoder.com.mx\/nw\/wp-json\/wp\/v2\/posts\/99401","targetHints":{"allow":["GET"]}}],"collection":[{"href":"https:\/\/elcuartopoder.com.mx\/nw\/wp-json\/wp\/v2\/posts"}],"about":[{"href":"https:\/\/elcuartopoder.com.mx\/nw\/wp-json\/wp\/v2\/types\/post"}],"author":[{"embeddable":true,"href":"https:\/\/elcuartopoder.com.mx\/nw\/wp-json\/wp\/v2\/users\/2"}],"replies":[{"embeddable":true,"href":"https:\/\/elcuartopoder.com.mx\/nw\/wp-json\/wp\/v2\/comments?post=99401"}],"version-history":[{"count":1,"href":"https:\/\/elcuartopoder.com.mx\/nw\/wp-json\/wp\/v2\/posts\/99401\/revisions"}],"predecessor-version":[{"id":99403,"href":"https:\/\/elcuartopoder.com.mx\/nw\/wp-json\/wp\/v2\/posts\/99401\/revisions\/99403"}],"wp:featuredmedia":[{"embeddable":true,"href":"https:\/\/elcuartopoder.com.mx\/nw\/wp-json\/wp\/v2\/media\/99402"}],"wp:attachment":[{"href":"https:\/\/elcuartopoder.com.mx\/nw\/wp-json\/wp\/v2\/media?parent=99401"}],"wp:term":[{"taxonomy":"category","embeddable":true,"href":"https:\/\/elcuartopoder.com.mx\/nw\/wp-json\/wp\/v2\/categories?post=99401"},{"taxonomy":"post_tag","embeddable":true,"href":"https:\/\/elcuartopoder.com.mx\/nw\/wp-json\/wp\/v2\/tags?post=99401"}],"curies":[{"name":"wp","href":"https:\/\/api.w.org\/{rel}","templated":true}]}}