{"id":99404,"date":"2021-12-14T10:57:38","date_gmt":"2021-12-14T15:57:38","guid":{"rendered":"http:\/\/elcuartopoder.com.mx\/nw\/?p=99404"},"modified":"2021-12-14T10:57:39","modified_gmt":"2021-12-14T15:57:39","slug":"poder-judicial-de-quintana-roo-participa-en-la-1ra-reunion-de-la-red-nacional-de-archivos-judiciales","status":"publish","type":"post","link":"https:\/\/elcuartopoder.com.mx\/nw\/estatales\/poder-judicial-de-quintana-roo-participa-en-la-1ra-reunion-de-la-red-nacional-de-archivos-judiciales\/","title":{"rendered":"PODER JUDICIAL DE QUINTANA ROO PARTICIPA EN LA 1RA. REUNI\u00d3N DE LA RED NACIONAL DE ARCHIVOS JUDICIALES"},"content":{"rendered":"\n<p>Para garantizar importantes estrategias que permitan consolidar el desarrollo archiv\u00edstico de los Poderes Judiciales, el Magistrado Presidente del Tribunal Superior de Justicia y del Consejo de la Judicatura, Mtro. Jos\u00e9 Antonio Le\u00f3n Ruiz, participa en la 1\u00aa. Reuni\u00f3n de la Red Nacional de Archivos Judiciales, celebrado por conducto de la Comisi\u00f3n Nacional de Tribunales Superiores de Justicia de los Estados Unidos Mexicanos.<\/p>\n\n\n\n<p>Durante la reuni\u00f3n efectuada por sistema de videoconferencia, en la que se busca establecer mecanismos de coordinaci\u00f3n de los archivos judiciales, el Magistrado Presidente destac\u00f3 la importancia de seguir encaminando acciones que permitan la mejora y el desarrollo de los Sistemas Institucionales de Archivo, por ello propone homogenizar la aplicaci\u00f3n de la Ley General de Archivo para que los Poderes Judiciales puedan consolidar un cat\u00e1logo integral a trav\u00e9s de la Red Nacional de Archivos.<\/p>\n\n\n\n<p>As\u00ed mismo, el Mtro. Jos\u00e9 Antonio Le\u00f3n Ru\u00edz considera oportuno fortalecer e impulsar la implementaci\u00f3n de un amplio programa de capacitaci\u00f3n, consolidar criterios administrativos homog\u00e9neos con una estructura org\u00e1nica que integre un titular de nivel directivo y los departamentos propicios para su operatividad, as\u00ed como la creaci\u00f3n de un Departamento de Tecnolog\u00edas de la Informaci\u00f3n adscrito al Archivo Judicial de cada Poder Judicial.<\/p>\n\n\n\n<p>Es importante mencionar que las propuestas ejecutivas presentadas por parte del Poder Judicial de Quintana Roo ante la Red Nacional de Archivos Judiciales, forman parte del exitoso proceso que se ha efectuado en la entidad, con base en diagn\u00f3sticos previos que han permitido dise\u00f1ar, iniciar y encaminar procesos institucionales, con total apego a la normatividad vigente y con el uso de las nuevas tecnolog\u00edas.<\/p>\n","protected":false},"excerpt":{"rendered":"<p>Para garantizar importantes estrategias que permitan consolidar el desarrollo archiv\u00edstico de los Poderes Judiciales, el Magistrado Presidente del Tribunal Superior de Justicia y del Consejo de la Judicatura, Mtro. Jos\u00e9 Antonio Le\u00f3n Ruiz, participa en la 1\u00aa. Reuni\u00f3n de la Red Nacional de Archivos Judiciales, celebrado por conducto de la Comisi\u00f3n Nacional de Tribunales Superiores [&hellip;]<\/p>\n","protected":false},"author":2,"featured_media":99405,"comment_status":"open","ping_status":"open","sticky":false,"template":"","format":"standard","meta":{"footnotes":""},"categories":[60],"tags":[],"class_list":["post-99404","post","type-post","status-publish","format-standard","has-post-thumbnail","hentry","category-estatales"],"_links":{"self":[{"href":"https:\/\/elcuartopoder.com.mx\/nw\/wp-json\/wp\/v2\/posts\/99404","targetHints":{"allow":["GET"]}}],"collection":[{"href":"https:\/\/elcuartopoder.com.mx\/nw\/wp-json\/wp\/v2\/posts"}],"about":[{"href":"https:\/\/elcuartopoder.com.mx\/nw\/wp-json\/wp\/v2\/types\/post"}],"author":[{"embeddable":true,"href":"https:\/\/elcuartopoder.com.mx\/nw\/wp-json\/wp\/v2\/users\/2"}],"replies":[{"embeddable":true,"href":"https:\/\/elcuartopoder.com.mx\/nw\/wp-json\/wp\/v2\/comments?post=99404"}],"version-history":[{"count":1,"href":"https:\/\/elcuartopoder.com.mx\/nw\/wp-json\/wp\/v2\/posts\/99404\/revisions"}],"predecessor-version":[{"id":99406,"href":"https:\/\/elcuartopoder.com.mx\/nw\/wp-json\/wp\/v2\/posts\/99404\/revisions\/99406"}],"wp:featuredmedia":[{"embeddable":true,"href":"https:\/\/elcuartopoder.com.mx\/nw\/wp-json\/wp\/v2\/media\/99405"}],"wp:attachment":[{"href":"https:\/\/elcuartopoder.com.mx\/nw\/wp-json\/wp\/v2\/media?parent=99404"}],"wp:term":[{"taxonomy":"category","embeddable":true,"href":"https:\/\/elcuartopoder.com.mx\/nw\/wp-json\/wp\/v2\/categories?post=99404"},{"taxonomy":"post_tag","embeddable":true,"href":"https:\/\/elcuartopoder.com.mx\/nw\/wp-json\/wp\/v2\/tags?post=99404"}],"curies":[{"name":"wp","href":"https:\/\/api.w.org\/{rel}","templated":true}]}}