{"id":99407,"date":"2021-12-14T14:45:30","date_gmt":"2021-12-14T19:45:30","guid":{"rendered":"http:\/\/elcuartopoder.com.mx\/nw\/?p=99407"},"modified":"2021-12-14T14:45:32","modified_gmt":"2021-12-14T19:45:32","slug":"pederasta-de-playa-del-carmen-embriago-a-2-menores-para-abusar-de-ellos","status":"publish","type":"post","link":"https:\/\/elcuartopoder.com.mx\/nw\/policiacas\/pederasta-de-playa-del-carmen-embriago-a-2-menores-para-abusar-de-ellos\/","title":{"rendered":"Pederasta de Playa del Carmen embriag\u00f3 a 2 menores para abusar de ellos"},"content":{"rendered":"\n<h2 class=\"wp-block-heading\">El sujeto fue detenido en la colonia Fundadores<\/h2>\n\n\n\n<p>Dos menores de edad en estado de indefensi\u00f3n fueron rescatados por la Secretar\u00eda de Seguridad P\u00fablica y Tr\u00e1nsito Municipal a trav\u00e9s de la Direcci\u00f3n del Grupo Especializado de Atenci\u00f3n a la Violencia Familiar y de G\u00e9nero, mismos que ya reciben atenci\u00f3n integral.<\/p>\n\n\n\n<p>Durante la madrugada del 13 de diciembre, tras recibir el reporte de posible abuso sexual y corrupci\u00f3n de menores en un domicilio de la colonia Fundadores, de inmediato los oficiales se trasladaron al lugar donde aseguraron a Jos\u00e9 \u201cN\u201d de 45 a\u00f1os de edad, quien se encontraba sin ropa y en visible estado de ebriedad.<\/p>\n\n\n\n<p>Asimismo se brind\u00f3 asistencia a una menor de 11 a\u00f1os de edad y un menor de 14 a\u00f1os el cual presentaba una posible congesti\u00f3n alcoh\u00f3lica, por lo que se solicit\u00f3 apoyo m\u00e9dico para su traslado al Hospital General de Playa del Carmen donde su estado de salud se reporta estable.<\/p>\n\n\n\n<p>Ambos menores fueron atendidos por el Grupo Especializado de Atenci\u00f3n a la Violencia Familiar y de G\u00e9nero de la Secretar\u00eda de Seguridad P\u00fablica y canalizados a la Procuradur\u00eda de Protecci\u00f3n de Ni\u00f1as, Ni\u00f1os, Adolescentes y Familia del municipio de Solidaridad para su atenci\u00f3n y resguardo.<\/p>\n\n\n\n<p>fuente: https:\/\/www.marcrixnoticias.com\/pederasta-de-playa-del-carmen-embriago-a-2-menores-para-abusar-de-ellos\/<\/p>\n","protected":false},"excerpt":{"rendered":"<p>El sujeto fue detenido en la colonia Fundadores Dos menores de edad en estado de indefensi\u00f3n fueron rescatados por la Secretar\u00eda de Seguridad P\u00fablica y Tr\u00e1nsito Municipal a trav\u00e9s de la Direcci\u00f3n del Grupo Especializado de Atenci\u00f3n a la Violencia Familiar y de G\u00e9nero, mismos que ya reciben atenci\u00f3n integral. Durante la madrugada del 13 [&hellip;]<\/p>\n","protected":false},"author":2,"featured_media":99408,"comment_status":"open","ping_status":"open","sticky":false,"template":"","format":"standard","meta":{"footnotes":""},"categories":[23],"tags":[],"class_list":["post-99407","post","type-post","status-publish","format-standard","has-post-thumbnail","hentry","category-policiacas"],"_links":{"self":[{"href":"https:\/\/elcuartopoder.com.mx\/nw\/wp-json\/wp\/v2\/posts\/99407","targetHints":{"allow":["GET"]}}],"collection":[{"href":"https:\/\/elcuartopoder.com.mx\/nw\/wp-json\/wp\/v2\/posts"}],"about":[{"href":"https:\/\/elcuartopoder.com.mx\/nw\/wp-json\/wp\/v2\/types\/post"}],"author":[{"embeddable":true,"href":"https:\/\/elcuartopoder.com.mx\/nw\/wp-json\/wp\/v2\/users\/2"}],"replies":[{"embeddable":true,"href":"https:\/\/elcuartopoder.com.mx\/nw\/wp-json\/wp\/v2\/comments?post=99407"}],"version-history":[{"count":1,"href":"https:\/\/elcuartopoder.com.mx\/nw\/wp-json\/wp\/v2\/posts\/99407\/revisions"}],"predecessor-version":[{"id":99409,"href":"https:\/\/elcuartopoder.com.mx\/nw\/wp-json\/wp\/v2\/posts\/99407\/revisions\/99409"}],"wp:featuredmedia":[{"embeddable":true,"href":"https:\/\/elcuartopoder.com.mx\/nw\/wp-json\/wp\/v2\/media\/99408"}],"wp:attachment":[{"href":"https:\/\/elcuartopoder.com.mx\/nw\/wp-json\/wp\/v2\/media?parent=99407"}],"wp:term":[{"taxonomy":"category","embeddable":true,"href":"https:\/\/elcuartopoder.com.mx\/nw\/wp-json\/wp\/v2\/categories?post=99407"},{"taxonomy":"post_tag","embeddable":true,"href":"https:\/\/elcuartopoder.com.mx\/nw\/wp-json\/wp\/v2\/tags?post=99407"}],"curies":[{"name":"wp","href":"https:\/\/api.w.org\/{rel}","templated":true}]}}