{"id":99413,"date":"2021-12-14T15:06:07","date_gmt":"2021-12-14T20:06:07","guid":{"rendered":"http:\/\/elcuartopoder.com.mx\/nw\/?p=99413"},"modified":"2021-12-14T15:17:02","modified_gmt":"2021-12-14T20:17:02","slug":"deforestacion-y-actividades-agropecuarias-factores-contaminantes-de-la-laguna-de-bacalar","status":"publish","type":"post","link":"https:\/\/elcuartopoder.com.mx\/nw\/estatales\/deforestacion-y-actividades-agropecuarias-factores-contaminantes-de-la-laguna-de-bacalar\/","title":{"rendered":"Deforestaci\u00f3n y actividades agropecuarias, factores contaminantes de la Laguna de Bacalar."},"content":{"rendered":"\n<h2 class=\"wp-block-heading\">La situaci\u00f3n \u201cse ha agravado en la \u00faltima d\u00e9cada por el aumento en la remoci\u00f3n de la selva para actividades agropecuarias\u201d<\/h2>\n\n\n\n<p>Aunque aproximadamente cada 20 a\u00f1os la Laguna de Bacalar sufre de manera natural el cambio de color de sus aguas como consecuencia de la gran precipitaci\u00f3n y escurrimiento de aguas superficiales y subterr\u00e1neas derivado de las lluvias at\u00edpicas y el desnivel orogr\u00e1fico desde los l\u00edmites del estado de Campeche con Quintana Roo, la situaci\u00f3n \u201cse ha agravado en la \u00faltima d\u00e9cada porque el aumento en la remoci\u00f3n de la selva para actividades agropecuarias provoca a su vez el arrastre de lodos, pesticidas y fertilizantes\u201d, precis\u00f3 Roberto Salgado Sangri, Presidente y Vocero del Consejo Comunitario de la Cuenca de la Laguna de Bacalar.<\/p>\n\n\n\n<p>El presidente del CONCLAB, un organismo de la sociedad civil dedicado junto con otras organizaciones de base comunitaria, acad\u00e9micos y especialistas, a estudiar las condiciones de la cuenca que deriva en el sistema hidrol\u00f3gico Bacalar \u2013 Bah\u00eda de Chetumal, destac\u00f3 que \u201cquienes hemos vivido en la zona toda nuestra vida estamos familiarizados con este fen\u00f3meno y sabemos que toma entre 8 y 24 meses su total recuperaci\u00f3n.<\/p>\n\n\n\n<p>\u201cDesafortunadamente, hay quienes, por mala fe, desconocimiento o lucimiento pol\u00edtico, insisten en se\u00f1alar al desarrollo tur\u00edstico como el principal culpable de esta situaci\u00f3n. En todo caso, lo que s\u00ed deber\u00edamos enfatizar es que las autoridades federales, estatales y municipales han sido incapaces de visualizar el crecimiento urbano generado por el turismo y, mucho menos, de gestionar los recursos suficientes para instalar sistemas de drenaje, plantas de tratamiento de aguas negras, rellenos sanitarios, y un ordenamiento adecuado.<\/p>\n\n\n\n<p>Aun as\u00ed, los estudios demuestran que \u201cel aumento de la frontera agr\u00edcola y ganadera\u201d es uno de los principales generadores de estos elementos contaminantes que, desafortunadamente, llegan al cuerpo lagunar, al R\u00edo Hondo y a la Bah\u00eda de Chetumal, por lo que hay que trabajar m\u00e1s en la concientizaci\u00f3n y capacitaci\u00f3n de los productores agropecuarios, as\u00ed como en la aplicaci\u00f3n de la normatividad para regular y disminuir el uso de estos agroqu\u00edmicos.<\/p>\n\n\n\n<p>Dijo que, incluso, la contaminaci\u00f3n en \u201cla Bah\u00eda de Chetumal es m\u00e1s frecuente que en Bacalar, porque la corriente del R\u00edo Hondo trae pesticidas y fertilizantes de las zonas agropecuarias del lado mexicano, pero principalmente del belice\u00f1o donde se encuentran grandes plantaciones menonitas.<br>\u201cEn la Bah\u00eda pasa casi todos los a\u00f1os, pero ah\u00ed no vemos que los grupos ambientalistas armen sus esc\u00e1ndalos medi\u00e1ticos. Los grupos ambientalistas tienen que demostrar el mismo fervor para disminuir la deforestaci\u00f3n y la ampliaci\u00f3n de superficies para actividades agropecuarias, en distancias menores a 40 km de la Laguna, de la misma forma que realizan actividades para limitar uso de bronceadores, motores de combusti\u00f3n fuera de borda, bollado de zonas ecol\u00f3gicamente fr\u00e1giles, etc.\u201d<br>Puntualizo que \u201cel control en el uso de pesticidas, herbicidas y fertilizantes tendr\u00eda que fortalecerse a nivel peninsular ya que las aguas que corren a trav\u00e9s del sistema lagunar Bacalar \u2013 Chetumal vienen desde los limites con campeche, pasando por la rivera del R\u00edo Hondo, lagunas y las colonias menonitas de Salamanca, el Baj\u00edo, Blanca flor, San Rom\u00e1n, Payo Obispo y todas las dem\u00e1s \u00e1reas destinadas a la actividad agropecuaria.\u201d<br>Finalmente, el presidente y vocero del Conclab, Roberto Salgado Sangri, se\u00f1alo que se deben fortalecer los programas y acciones dirigidas al uso de biofertilizantes y bioinsecticidas en las actividades agropecuarias, promover \u00e1reas destinadas voluntariamente a la conservaci\u00f3n, unidades de manejo ambiental, de reforestaci\u00f3n y de aprovechamiento forestal sustentable, en ejidos y propiedades, acciones que ayudan a mitigar la contaminaci\u00f3n, principalmente de los cuerpos de agua como Bacalar, el Rio Hondo y la Bah\u00eda de Chetumal.<\/p>\n\n\n\n<p>FUENTE: https:\/\/www.marcrixnoticias.com\/deforestacion-y-actividades-agropecuarias-factores-contaminantes-de-la-laguna-de-bacalar-conclab\/<\/p>\n","protected":false},"excerpt":{"rendered":"<p>La situaci\u00f3n \u201cse ha agravado en la \u00faltima d\u00e9cada por el aumento en la remoci\u00f3n de la selva para actividades agropecuarias\u201d Aunque aproximadamente cada 20 a\u00f1os la Laguna de Bacalar sufre de manera natural el cambio de color de sus aguas como consecuencia de la gran precipitaci\u00f3n y escurrimiento de aguas superficiales y subterr\u00e1neas derivado [&hellip;]<\/p>\n","protected":false},"author":2,"featured_media":99423,"comment_status":"open","ping_status":"open","sticky":false,"template":"","format":"standard","meta":{"footnotes":""},"categories":[60,66],"tags":[],"class_list":["post-99413","post","type-post","status-publish","format-standard","has-post-thumbnail","hentry","category-estatales","category-medio-ambiente"],"_links":{"self":[{"href":"https:\/\/elcuartopoder.com.mx\/nw\/wp-json\/wp\/v2\/posts\/99413","targetHints":{"allow":["GET"]}}],"collection":[{"href":"https:\/\/elcuartopoder.com.mx\/nw\/wp-json\/wp\/v2\/posts"}],"about":[{"href":"https:\/\/elcuartopoder.com.mx\/nw\/wp-json\/wp\/v2\/types\/post"}],"author":[{"embeddable":true,"href":"https:\/\/elcuartopoder.com.mx\/nw\/wp-json\/wp\/v2\/users\/2"}],"replies":[{"embeddable":true,"href":"https:\/\/elcuartopoder.com.mx\/nw\/wp-json\/wp\/v2\/comments?post=99413"}],"version-history":[{"count":2,"href":"https:\/\/elcuartopoder.com.mx\/nw\/wp-json\/wp\/v2\/posts\/99413\/revisions"}],"predecessor-version":[{"id":99429,"href":"https:\/\/elcuartopoder.com.mx\/nw\/wp-json\/wp\/v2\/posts\/99413\/revisions\/99429"}],"wp:featuredmedia":[{"embeddable":true,"href":"https:\/\/elcuartopoder.com.mx\/nw\/wp-json\/wp\/v2\/media\/99423"}],"wp:attachment":[{"href":"https:\/\/elcuartopoder.com.mx\/nw\/wp-json\/wp\/v2\/media?parent=99413"}],"wp:term":[{"taxonomy":"category","embeddable":true,"href":"https:\/\/elcuartopoder.com.mx\/nw\/wp-json\/wp\/v2\/categories?post=99413"},{"taxonomy":"post_tag","embeddable":true,"href":"https:\/\/elcuartopoder.com.mx\/nw\/wp-json\/wp\/v2\/tags?post=99413"}],"curies":[{"name":"wp","href":"https:\/\/api.w.org\/{rel}","templated":true}]}}