{"id":99417,"date":"2021-12-14T15:01:41","date_gmt":"2021-12-14T20:01:41","guid":{"rendered":"http:\/\/elcuartopoder.com.mx\/nw\/?p=99417"},"modified":"2021-12-14T15:01:43","modified_gmt":"2021-12-14T20:01:43","slug":"segob-y-panistas-acuerdan-fortalecer-unidad-nacional-tardaron-3-anos-en-sentarse","status":"publish","type":"post","link":"https:\/\/elcuartopoder.com.mx\/nw\/politica\/segob-y-panistas-acuerdan-fortalecer-unidad-nacional-tardaron-3-anos-en-sentarse\/","title":{"rendered":"Segob y panistas acuerdan \u201cfortalecer unidad nacional\u201d. Tardaron 3 a\u00f1os en sentarse"},"content":{"rendered":"\n<p>Dejaron pasar tres a\u00f1os, medio sexenio. Y por fin se han dado la mano. Supone un cambio de estrategia de la oposici\u00f3n, o al menos del&nbsp;<strong>Partido Acci\u00f3n Nacional (PAN),<\/strong>&nbsp;cuya dirigencia se encontr\u00f3 hoy con el&nbsp;<strong>Secretario de Gobernaci\u00f3n, Ad\u00e1n Augusto L\u00f3pez Hern\u00e1ndez.<\/strong><\/p>\n\n\n\n<blockquote class=\"wp-block-quote is-layout-flow wp-block-quote-is-layout-flow\"><p>\u201cAcuerdan Gobernaci\u00f3n y Acci\u00f3n Nacional fortalecer la unidad nacional por medio de mesas de di\u00e1logo\u201d, dijo la dependencia en un comunicado. Y el primer p\u00e1rrafo explica los alcances: \u201cEl Secretario de Gobernaci\u00f3n reiter\u00f3 que la dependencia que encabeza est\u00e1 abierta al di\u00e1logo con las diversas fuerzas pol\u00edticas del pa\u00eds con el objetivo de lograr consensos en diversos temas como seguridad, salud, energ\u00eda, econom\u00eda, democracia y medio ambiente\u201d.<\/p><\/blockquote>\n\n\n\n<p>Por parte del PAN asistieron a este encuentro los gobernadores de Durango, Jos\u00e9 Rosas Aispuro Torres, y de Tamaulipas, Francisco Javier Garc\u00eda Cabeza de Vaca; los coordinadores parlamentarios de las c\u00e1maras de Senadores, Julen Rementer\u00eda del Puerto, y de Diputados, Jorge Romero Herrera. Tambi\u00e9n estuvieron la secretaria general del partido, Cecilia Anunciaci\u00f3n Patr\u00f3n Laviada; el presidente de la Comisi\u00f3n Pol\u00edtica, Santiago Creel Miranda, y la coordinadora Nacional de Alcaldes, Alejandra Guti\u00e9rrez Campos.<\/p>\n\n\n\n<figure class=\"wp-block-image\"><img decoding=\"async\" src=\"https:\/\/i0.wp.com\/www.sinembargo.mx\/wp-content\/uploads\/2021\/12\/creel.jpeg?resize=700%2C979&amp;quality=80&amp;strip=all&amp;ssl=1\" alt=\"\" class=\"wp-image-4082612\"\/><figcaption>El presidente de la Comisi\u00f3n Pol\u00edtica, Santiago Creel Miranda. Foto: Gobierno de M\u00e9xico.<\/figcaption><\/figure>\n\n\n\n<p>Acci\u00f3n Nacional y su presidente, Marko Cort\u00e9s, tomaron distancia del Gobierno federal desde que inici\u00f3 la actual administraci\u00f3n de Andr\u00e9s Manuel L\u00f3pez Obrador. Y este distanciamiento se aceler\u00f3 cuando decidieron unirse al Revolucionario Instucional (PRI) y al de la Revoluci\u00f3n Democr\u00e1tica (PRD) en S\u00ed por M\u00e9xico, una alianza que fue convocada por el sector patronal y dos de sus representantes: Claudio X. Gonz\u00e1lez, el hijo de un magnate beneficiado por las concesiones del Estado en sexenios anteriores, y Gustavo de Hoyos, quien fuera l\u00edder del principal sindicato de patrones, la Coparmex.<\/p>\n\n\n\n<p>En semanas pasadas, el PAN incluso amenaz\u00f3 al PRI porque mostr\u00f3 se\u00f1ales de querer acercarse al Gobierno de L\u00f3pez Obrador para conversar sobre la Reforma El\u00e9ctrica, que ser\u00e1 discutida y analizada en las semanas que vienen. El panismo le dijo que si negociaba esa reforma, tendr\u00eda que repensar su lugar en la alianza opositora. Pero ahora todo eso parece haber quedado en el pasado. El mismo PRI dijo, este fin de semana, que hab\u00eda decidido \u201cechar a patadas\u201d al neoliberalismo, tendencia pol\u00edticoecon\u00f3mica que inici\u00f3 en M\u00e9xico con Carlos Salinas de Gortari.<\/p>\n\n\n\n<figure class=\"wp-block-image\"><img decoding=\"async\" src=\"https:\/\/i1.wp.com\/www.sinembargo.mx\/wp-content\/uploads\/2021\/12\/panistas1.jpeg?resize=700%2C1014&amp;quality=80&amp;strip=all&amp;ssl=1\" alt=\"\" class=\"wp-image-4082619\"\/><figcaption>El Gobernador de Durango Jos\u00e9 Rosas Aispuro Torres. Foto: Gobierno de M\u00e9xico.<\/figcaption><\/figure>\n\n\n\n<p>\u201cAl participar en la primera reuni\u00f3n con dirigentes del Partido Acci\u00f3n Nacional (PAN), el titular de Gobernaci\u00f3n propuso la instalaci\u00f3n de mesas tem\u00e1ticas de trabajo que dar\u00e1n inicio el pr\u00f3ximo 10 de enero, a fin de encontrar coincidencias y analizar las diferencias para fortalecer la unidad nacional. Lo anterior, ante los diez planteamientos que realiz\u00f3 el presidente de ese partido pol\u00edtico, Marko Cort\u00e9s Mendoza\u201d, dice el comunicado de la Segob.<\/p>\n\n\n\n<p>En el encuentro que se llev\u00f3 a cabo en la biblioteca del conjunto Bucareli, el titular de Gobernaci\u00f3n dijo a las y los panistas que tambi\u00e9n convocar\u00e1 a las dirigencias de los dem\u00e1s partidos pol\u00edticos, y les reiter\u00f3 que \u2018siempre van a encontrar en nosotros, como hasta ahora, respeto; no se nos olvida que son cientos de mexicanos los que nos tienen en esta representaci\u00f3n y no podemos darnos el lujo de excluir a ninguno\u2019\u201d, agrega.<\/p>\n\n\n\n<figure class=\"wp-block-image\"><img decoding=\"async\" src=\"https:\/\/i1.wp.com\/www.sinembargo.mx\/wp-content\/uploads\/2021\/12\/panistas2.jpeg?resize=700%2C465&amp;quality=80&amp;strip=all&amp;ssl=1\" alt=\"\" class=\"wp-image-4082621\"\/><figcaption>El Secretario de Gobernaci\u00f3n, Ad\u00e1n Augusto L\u00f3pez Hern\u00e1ndez. Foto: Gobierno de M\u00e9xico.<\/figcaption><\/figure>\n\n\n\n<p>Por parte del Gobierno estuvo el subsecretario de Desarrollo Democr\u00e1tico, Participaci\u00f3n Social y Asuntos Religiosos, Rabindranath Salazar Solorio. El secretario de Gobernaci\u00f3n \u201csubray\u00f3 que el Gobierno de M\u00e9xico ha estado abierto al di\u00e1logo durante estos tres a\u00f1os, y existe una comunicaci\u00f3n fluida con diputados y senadores de todas las fuerzas pol\u00edticas, as\u00ed como con estados y municipios, con pleno respeto a su autonom\u00eda\u201d.<\/p>\n\n\n\n<p><strong>Fuente:<\/strong> sinembargo<\/p>\n","protected":false},"excerpt":{"rendered":"<p>Dejaron pasar tres a\u00f1os, medio sexenio. Y por fin se han dado la mano. Supone un cambio de estrategia de la oposici\u00f3n, o al menos del&nbsp;Partido Acci\u00f3n Nacional (PAN),&nbsp;cuya dirigencia se encontr\u00f3 hoy con el&nbsp;Secretario de Gobernaci\u00f3n, Ad\u00e1n Augusto L\u00f3pez Hern\u00e1ndez. \u201cAcuerdan Gobernaci\u00f3n y Acci\u00f3n Nacional fortalecer la unidad nacional por medio de mesas de [&hellip;]<\/p>\n","protected":false},"author":2,"featured_media":99418,"comment_status":"open","ping_status":"open","sticky":false,"template":"","format":"standard","meta":{"footnotes":""},"categories":[61],"tags":[],"class_list":["post-99417","post","type-post","status-publish","format-standard","has-post-thumbnail","hentry","category-politica"],"_links":{"self":[{"href":"https:\/\/elcuartopoder.com.mx\/nw\/wp-json\/wp\/v2\/posts\/99417","targetHints":{"allow":["GET"]}}],"collection":[{"href":"https:\/\/elcuartopoder.com.mx\/nw\/wp-json\/wp\/v2\/posts"}],"about":[{"href":"https:\/\/elcuartopoder.com.mx\/nw\/wp-json\/wp\/v2\/types\/post"}],"author":[{"embeddable":true,"href":"https:\/\/elcuartopoder.com.mx\/nw\/wp-json\/wp\/v2\/users\/2"}],"replies":[{"embeddable":true,"href":"https:\/\/elcuartopoder.com.mx\/nw\/wp-json\/wp\/v2\/comments?post=99417"}],"version-history":[{"count":1,"href":"https:\/\/elcuartopoder.com.mx\/nw\/wp-json\/wp\/v2\/posts\/99417\/revisions"}],"predecessor-version":[{"id":99419,"href":"https:\/\/elcuartopoder.com.mx\/nw\/wp-json\/wp\/v2\/posts\/99417\/revisions\/99419"}],"wp:featuredmedia":[{"embeddable":true,"href":"https:\/\/elcuartopoder.com.mx\/nw\/wp-json\/wp\/v2\/media\/99418"}],"wp:attachment":[{"href":"https:\/\/elcuartopoder.com.mx\/nw\/wp-json\/wp\/v2\/media?parent=99417"}],"wp:term":[{"taxonomy":"category","embeddable":true,"href":"https:\/\/elcuartopoder.com.mx\/nw\/wp-json\/wp\/v2\/categories?post=99417"},{"taxonomy":"post_tag","embeddable":true,"href":"https:\/\/elcuartopoder.com.mx\/nw\/wp-json\/wp\/v2\/tags?post=99417"}],"curies":[{"name":"wp","href":"https:\/\/api.w.org\/{rel}","templated":true}]}}