{"id":99420,"date":"2021-12-14T15:04:13","date_gmt":"2021-12-14T20:04:13","guid":{"rendered":"http:\/\/elcuartopoder.com.mx\/nw\/?p=99420"},"modified":"2021-12-14T15:04:14","modified_gmt":"2021-12-14T20:04:14","slug":"en-que-se-diferencia-la-demencia-senil-del-alzheimer-una-experta-lo-explica","status":"publish","type":"post","link":"https:\/\/elcuartopoder.com.mx\/nw\/entretenimiento\/salud\/en-que-se-diferencia-la-demencia-senil-del-alzheimer-una-experta-lo-explica\/","title":{"rendered":"\u00bfEn qu\u00e9 se diferencia la demencia senil del alzh\u00e9imer? Una experta lo explica"},"content":{"rendered":"\n<p><strong>Profesora e Investigadora Ram\u00f3n y Cajal en Enfermedades Neurodegenerativas, CIBERNED, IBIMA, Universidad de M\u00e1laga<\/strong><\/p>\n\n\n\n<p>A menudo nos preguntamos si cuando una persona mayor empieza a tener <strong>p\u00e9rdidas de memoria<\/strong>\u00a0tiene\u00a0<strong>demencia senil<\/strong>\u00a0u otra enfermedad. La respuesta es que probablemente padezca una enfermedad, ya que la\u00a0<strong>demencia<\/strong>\u00a0no es una enfermedad espec\u00edfica, sino un t\u00e9rmino que engloba varias enfermedades.<\/p>\n\n\n\n<p><strong>\u00bfQU\u00c9 ES LA DEMENCIA?<\/strong><\/p>\n\n\n\n<p>La demencia no es condici\u00f3n<em>&nbsp;sine qua non<\/em>&nbsp;en las personas de edad avanzada, aunque los problemas de memoria son comunes durante el&nbsp;<strong>envejecimiento<\/strong>. Estos problemas para retener informaci\u00f3n y crear nuevos recuerdos son, generalmente, progresivos y se acent\u00faan con la edad. Aunque la p\u00e9rdida de memoria sea el principal s\u00edntoma de demencia, pueden existir otras causas que lo provoquen.<\/p>\n\n\n\n<p>La demencia es un declive en la habilidad mental que interfiere de forma severa en la calidad de vida. Afecta a la capacidad de raciocinio y de comunicarse y conlleva una p\u00e9rdida de memoria.<\/p>\n\n\n\n<p>Empleamos con frecuencia el t\u00e9rmino demencia senil para referirnos a ese estado de falta de juicio y p\u00e9rdida de memoria que se da frecuentemente en personas de edad avanzada. Sin embargo, el deterioro de las funciones mentales no es una consecuencia normal del envejecimiento, sino una patolog\u00eda estrechamente asociada a \u00e9l.<\/p>\n\n\n\n<figure class=\"wp-block-image\"><img decoding=\"async\" src=\"https:\/\/i1.wp.com\/www.sinembargo.mx\/wp-content\/uploads\/2021\/12\/manos-anciano.jpg?resize=700%2C449&amp;quality=80&amp;strip=all&amp;ssl=1\" alt=\"\" class=\"wp-image-4082620\"\/><figcaption>La demencia no es condici\u00f3n<em>&nbsp;sine qua non<\/em>&nbsp;en las personas de edad avanzada, aunque los problemas de memoria son comunes durante el envejecimiento. Foto: Jorge Luis Plata, EFE<\/figcaption><\/figure>\n\n\n\n<p><strong>LA VEJEZ NO SIEMPRE ES SIN\u00d3NIMO DE DEMENCIA<\/strong><\/p>\n\n\n\n<p>Un buen n\u00famero de personas de m\u00e1s de 65 a\u00f1os son \u201cresistentes\u201d al desarrollo de enfermedades relacionadas con el fallo cognitivo. Se estima que entre un 10 y un 15 por ciento de personas de edad avanzada no desarrolla ning\u00fan tipo de demencia, ni s\u00edntomas, ni siquiera patolog\u00eda cerebral.<\/p>\n\n\n\n<p>Adem\u00e1s, un 30 por ciento de las personas de edad avanzada presenta \u201cresiliencia\u201d a estas enfermedades. Es decir, pueden desarrollar algunas de las patolog\u00edas cerebrales relacionadas con enfermedades neurodegenerativas pero no muestran los s\u00edntomas caracter\u00edsticos asociados a la demencia.<\/p>\n\n\n\n<p>Estas personas podr\u00edan envejecer de forma exitosa debido a la adopci\u00f3n de h\u00e1bitos de vida saludables. Por ejemplo, la dieta mediterr\u00e1nea, la realizaci\u00f3n de ejercicio f\u00edsico y las actividades sociales podr\u00edan estar relacionadas con una predisposici\u00f3n m\u00e1s favorable o mayor reserva cognitiva.<\/p>\n\n\n\n<p>Dentro de la demencia se agrupan varias enfermedades como la enfermedad de&nbsp;<strong>Alzheimer<\/strong>, la demencia vascular (producida despu\u00e9s de un accidente cerebrovascular), la enfermedad de Parkinson, demencia con cuerpos de Lewy, demencia frontotemporal, la enfermedad de Huntington y las enfermedades por priones, entre otras.<\/p>\n\n\n\n<p>La demencia tambi\u00e9n puede ser un signo de otras enfermedades como los traumatismos craneoencef\u00e1licos o trastornos de tipo metab\u00f3lico, problemas inmunitarios, deficiencias nutricionales o incluso tumores cerebrales.<\/p>\n\n\n\n<figure class=\"wp-block-image\"><img decoding=\"async\" src=\"https:\/\/i0.wp.com\/www.sinembargo.mx\/wp-content\/uploads\/2021\/12\/demencia.png?resize=700%2C426&amp;quality=80&amp;strip=all&amp;ssl=1\" alt=\"\" class=\"wp-image-4082623\"\/><figcaption>Un buen n\u00famero de personas de m\u00e1s de 65 a\u00f1os son \u201cresistentes\u201d al desarrollo de enfermedades relacionadas con el fallo cognitivo. Foto: Luis Tejido, EFE<\/figcaption><\/figure>\n\n\n\n<p><strong>\u00bfDEMENCIA O ALZH\u00c9IMER?<\/strong><\/p>\n\n\n\n<blockquote class=\"wp-block-quote is-layout-flow wp-block-quote-is-layout-flow\"><p>De todas las demencias asociadas al envejecimiento, la enfermedad de Alzheimer supone entre un 60 y un 80 por ciento de los casos. Es, por tanto, la mayoritaria. Se caracteriza, como otras demencias, por una p\u00e9rdida progresiva en la capacidad intelectual, de memoria y aprendizaje.<\/p><\/blockquote>\n\n\n\n<p>Esta enfermedad fue descrita por primera vez por el psiquiatra alem\u00e1n Alois Alzheimer en 1906 en una comunicaci\u00f3n titulada Sobre una enfermedad espec\u00edfica de la corteza cerebral. En ella, describ\u00eda la enfermedad de una de sus pacientes, Aguste Deter, que presentaba una forma rara de demencia, con p\u00e9rdida de memoria, desorientaci\u00f3n y alucinaciones.<\/p>\n\n\n\n<p>Entre los cambios cognitivos tambi\u00e9n aparecen problemas en la comunicaci\u00f3n, falta de juicio, desorientaci\u00f3n y falta de planificaci\u00f3n y organizaci\u00f3n. Todos ellos afectan a la vida cotidiana de la persona. Junto a la aparici\u00f3n de estos s\u00edntomas, pueden aparecer cambios en la personalidad, agitaci\u00f3n, depresi\u00f3n y actitud agresiva.<\/p>\n\n\n\n<p><strong>\u00bfQU\u00c9 SUCEDE EN EL CEREBRO DE UNA PERSONA CON ALZH\u00c9IMER?<\/strong><\/p>\n\n\n\n<p>Durante el envejecimiento, el cerebro sufre cambios leves que no se consideran patol\u00f3gicos. Entre ellos, se da una peque\u00f1a atrofia cerebral por p\u00e9rdida de algunas neuronas y reducci\u00f3n de la generaci\u00f3n de otras nuevas.<\/p>\n\n\n\n<p>Tambi\u00e9n se dan alteraciones en la secreci\u00f3n de hormonas y neurotransmisores (las mol\u00e9culas se\u00f1alizadoras del cerebro) y cambios en la circuiter\u00eda. Todo ello hace que se pierda sustancia blanca (tejido org\u00e1nico, de color blanco, constituido por fibras nerviosas y situado en el interior del cerebro y en la periferia de la m\u00e9dula espinal). Estos cambios sutiles no se consideran una enfermedad, sino parte normal del envejecimiento.<\/p>\n\n\n\n<figure class=\"wp-block-image\"><img decoding=\"async\" src=\"https:\/\/i0.wp.com\/www.sinembargo.mx\/wp-content\/uploads\/2021\/12\/enfermedad-alzheimer.jpg?resize=700%2C393&amp;quality=80&amp;strip=all&amp;ssl=1\" alt=\"\" class=\"wp-image-4082624\"\/><figcaption>De todas las demencias asociadas al envejecimiento, la enfermedad de Alzheimer supone entre un 60 y un 80 por ciento de los casos. Foto: Martin Divisek, EFE\/EPA<\/figcaption><\/figure>\n\n\n\n<p>Sin embargo, en los estados de demencia debida a una enfermedad neurodegenerativa, la masa cerebral puede disminuir hasta el 10 por ciento y se comienza a acumular una variedad de prote\u00ednas t\u00f3xicas para las c\u00e9lulas de nuestro cerebro. Estas desencadenan finalmente el estado patol\u00f3gico y dan lugar a los s\u00edntomas cl\u00ednicos que se observan en estas enfermedades.<\/p>\n\n\n\n<blockquote class=\"wp-block-quote is-layout-flow wp-block-quote-is-layout-flow\"><p>En la enfermedad de Alzheimer se produce una acumulaci\u00f3n de la llamada prote\u00edna beta amiloide y una fosforilaci\u00f3n (adici\u00f3n de un grupo fosfato a cualquier otra mol\u00e9cula) de la llamada prote\u00edna tau.<\/p><\/blockquote>\n\n\n\n<p>Estos procesos dan lugar a la formaci\u00f3n de estructuras tanto fuera como dentro de las neuronas que terminan por matarlas. Son los denominados placas amiloides, en el primer caso, y ovillos neurofibrilares, en el segundo. Estas son las estructuras que se identifican como marcadores fundamentales en el diagn\u00f3stico del Alzheimer.<\/p>\n\n\n\n<p><strong>REPERCUSI\u00d3N EN LA MEMORIA DE LA MUERTE NEURONAL<\/strong><\/p>\n\n\n\n<p>El an\u00e1lisis anat\u00f3mico de estos pacientes muestra una gran reducci\u00f3n de regiones cerebrales asociadas con la memoria y el aprendizaje, como son la corteza y el hipocampo, lo que conlleva esa incapacidad de consolidar nueva informaci\u00f3n.<\/p>\n\n\n\n<p>La acumulaci\u00f3n de prote\u00ednas t\u00f3xicas en el cerebro es un evento com\u00fan en muchas otras demencias, como la alfa-sinucle\u00edna en el Parkinson, y ocurre con m\u00e1s frecuencia en personas de edad avanzada.<\/p>\n\n\n\n<figure class=\"wp-block-image\"><img decoding=\"async\" src=\"https:\/\/i2.wp.com\/www.sinembargo.mx\/wp-content\/uploads\/2021\/12\/problemas-memoria.jpg?resize=700%2C513&amp;quality=80&amp;strip=all&amp;ssl=1\" alt=\"\" class=\"wp-image-4082627\"\/><figcaption>El an\u00e1lisis anat\u00f3mico de estos pacientes muestra una gran reducci\u00f3n de regiones cerebrales asociadas con la memoria y el aprendizaje. Foto: Sergio Barrenechea, EFE<\/figcaption><\/figure>\n\n\n\n<blockquote class=\"wp-block-quote is-layout-flow wp-block-quote-is-layout-flow\"><p>Esta gran concentraci\u00f3n de sustancias nocivas para las neuronas provoca una inflamaci\u00f3n del cerebro y, en conjunto, un ambiente nocivo para las neuronas que, finalmente, mueren. Por este motivo, las demencias cursan con muerte neuronal, desembocando en fallos cognitivos, normalmente de memoria.<\/p><\/blockquote>\n\n\n\n<p>Este es el motivo por el que un gran porcentaje de personas mayores sufren alg\u00fan tipo de demencia durante el envejecimiento. Pero hay que recordar que se trata de una enfermedad, no de una consecuencia normal del envejecimiento, como podr\u00edan ser las arrugas o las canas.<\/p>\n\n\n\n<p><strong>Fuente:<\/strong>&nbsp;sinembargo<br><\/p>\n","protected":false},"excerpt":{"rendered":"<p>Profesora e Investigadora Ram\u00f3n y Cajal en Enfermedades Neurodegenerativas, CIBERNED, IBIMA, Universidad de M\u00e1laga A menudo nos preguntamos si cuando una persona mayor empieza a tener p\u00e9rdidas de memoria\u00a0tiene\u00a0demencia senil\u00a0u otra enfermedad. La respuesta es que probablemente padezca una enfermedad, ya que la\u00a0demencia\u00a0no es una enfermedad espec\u00edfica, sino un t\u00e9rmino que engloba varias enfermedades. \u00bfQU\u00c9 [&hellip;]<\/p>\n","protected":false},"author":2,"featured_media":99421,"comment_status":"open","ping_status":"open","sticky":false,"template":"","format":"standard","meta":{"footnotes":""},"categories":[56],"tags":[],"class_list":["post-99420","post","type-post","status-publish","format-standard","has-post-thumbnail","hentry","category-salud"],"_links":{"self":[{"href":"https:\/\/elcuartopoder.com.mx\/nw\/wp-json\/wp\/v2\/posts\/99420","targetHints":{"allow":["GET"]}}],"collection":[{"href":"https:\/\/elcuartopoder.com.mx\/nw\/wp-json\/wp\/v2\/posts"}],"about":[{"href":"https:\/\/elcuartopoder.com.mx\/nw\/wp-json\/wp\/v2\/types\/post"}],"author":[{"embeddable":true,"href":"https:\/\/elcuartopoder.com.mx\/nw\/wp-json\/wp\/v2\/users\/2"}],"replies":[{"embeddable":true,"href":"https:\/\/elcuartopoder.com.mx\/nw\/wp-json\/wp\/v2\/comments?post=99420"}],"version-history":[{"count":1,"href":"https:\/\/elcuartopoder.com.mx\/nw\/wp-json\/wp\/v2\/posts\/99420\/revisions"}],"predecessor-version":[{"id":99422,"href":"https:\/\/elcuartopoder.com.mx\/nw\/wp-json\/wp\/v2\/posts\/99420\/revisions\/99422"}],"wp:featuredmedia":[{"embeddable":true,"href":"https:\/\/elcuartopoder.com.mx\/nw\/wp-json\/wp\/v2\/media\/99421"}],"wp:attachment":[{"href":"https:\/\/elcuartopoder.com.mx\/nw\/wp-json\/wp\/v2\/media?parent=99420"}],"wp:term":[{"taxonomy":"category","embeddable":true,"href":"https:\/\/elcuartopoder.com.mx\/nw\/wp-json\/wp\/v2\/categories?post=99420"},{"taxonomy":"post_tag","embeddable":true,"href":"https:\/\/elcuartopoder.com.mx\/nw\/wp-json\/wp\/v2\/tags?post=99420"}],"curies":[{"name":"wp","href":"https:\/\/api.w.org\/{rel}","templated":true}]}}