{"id":99425,"date":"2021-12-14T15:07:42","date_gmt":"2021-12-14T20:07:42","guid":{"rendered":"http:\/\/elcuartopoder.com.mx\/nw\/?p=99425"},"modified":"2021-12-14T15:07:43","modified_gmt":"2021-12-14T20:07:43","slug":"reconoce-poder-judicial-labor-y-trayectoria-de-jueces-mayas-tradicionales","status":"publish","type":"post","link":"https:\/\/elcuartopoder.com.mx\/nw\/politica\/reconoce-poder-judicial-labor-y-trayectoria-de-jueces-mayas-tradicionales\/","title":{"rendered":"RECONOCE PODER JUDICIAL LABOR Y TRAYECTORIA DE JUECES MAYAS TRADICIONALES"},"content":{"rendered":"\n<p>En la hist\u00f3rica Ciudad de Felipe Carrillo Puerto, el Magistrado Presidente del Tribunal Superior de Justicia y del Consejo de la Judicatura, Mtro. Jos\u00e9 Antonio Le\u00f3n Ruiz, hizo entrega de Reconocimientos a Consejeros de la Judicatura Ind\u00edgena y Jueces Mayas Tradicionales del Poder Judicial de Quintana Roo, por su importante labor a favor de la cultura de la paz, que forma parte de las importantes acciones y logros del Programa para la Impartici\u00f3n de Justicia 2017-2022.<\/p>\n\n\n\n<p>Acompa\u00f1ado de las Magistradas y Magistrados, as\u00ed como de las Consejeras y el Ciudadano Consejero, el Magistrado Presidente destac\u00f3 que el trabajo de justicia que desempe\u00f1an los Consejeros de la Judicatura Ind\u00edgena y Jueces Mayas Tradicionales trasciende fronteras y es reconocido a nivel nacional por su importante modelo de conciliaci\u00f3n y mediaci\u00f3n con los usos, costumbres y tradiciones que mucho enriquece la cultura de Quintana Roo.<\/p>\n\n\n\n<p>Durante la entrega de reconocimientos, el Mtro. Jos\u00e9 Antonio Le\u00f3n Ruiz agradeci\u00f3 a la Consejera Ciudadana, Lic. Mar\u00eda de Guadalupe Ang\u00e9lica Chan Flores y al Magistrado de Asuntos Ind\u00edgenas, Francisco Javier Reyes Hern\u00e1ndez, por concretar este importante acto en el que el Poder Judicial de Quintana Roo enaltece todo el esfuerzo y el trabajo de los Consejeros de la Judicatura Ind\u00edgena y Jueces Mayas Tradicionales en los municipios de L\u00e1zaro C\u00e1rdenas, Felipe Carrillo Puerto y Jos\u00e9 Mar\u00eda Morelos y Tulum.<\/p>\n","protected":false},"excerpt":{"rendered":"<p>En la hist\u00f3rica Ciudad de Felipe Carrillo Puerto, el Magistrado Presidente del Tribunal Superior de Justicia y del Consejo de la Judicatura, Mtro. Jos\u00e9 Antonio Le\u00f3n Ruiz, hizo entrega de Reconocimientos a Consejeros de la Judicatura Ind\u00edgena y Jueces Mayas Tradicionales del Poder Judicial de Quintana Roo, por su importante labor a favor de la [&hellip;]<\/p>\n","protected":false},"author":2,"featured_media":99426,"comment_status":"open","ping_status":"open","sticky":false,"template":"","format":"standard","meta":{"footnotes":""},"categories":[61],"tags":[],"class_list":["post-99425","post","type-post","status-publish","format-standard","has-post-thumbnail","hentry","category-politica"],"_links":{"self":[{"href":"https:\/\/elcuartopoder.com.mx\/nw\/wp-json\/wp\/v2\/posts\/99425","targetHints":{"allow":["GET"]}}],"collection":[{"href":"https:\/\/elcuartopoder.com.mx\/nw\/wp-json\/wp\/v2\/posts"}],"about":[{"href":"https:\/\/elcuartopoder.com.mx\/nw\/wp-json\/wp\/v2\/types\/post"}],"author":[{"embeddable":true,"href":"https:\/\/elcuartopoder.com.mx\/nw\/wp-json\/wp\/v2\/users\/2"}],"replies":[{"embeddable":true,"href":"https:\/\/elcuartopoder.com.mx\/nw\/wp-json\/wp\/v2\/comments?post=99425"}],"version-history":[{"count":1,"href":"https:\/\/elcuartopoder.com.mx\/nw\/wp-json\/wp\/v2\/posts\/99425\/revisions"}],"predecessor-version":[{"id":99427,"href":"https:\/\/elcuartopoder.com.mx\/nw\/wp-json\/wp\/v2\/posts\/99425\/revisions\/99427"}],"wp:featuredmedia":[{"embeddable":true,"href":"https:\/\/elcuartopoder.com.mx\/nw\/wp-json\/wp\/v2\/media\/99426"}],"wp:attachment":[{"href":"https:\/\/elcuartopoder.com.mx\/nw\/wp-json\/wp\/v2\/media?parent=99425"}],"wp:term":[{"taxonomy":"category","embeddable":true,"href":"https:\/\/elcuartopoder.com.mx\/nw\/wp-json\/wp\/v2\/categories?post=99425"},{"taxonomy":"post_tag","embeddable":true,"href":"https:\/\/elcuartopoder.com.mx\/nw\/wp-json\/wp\/v2\/tags?post=99425"}],"curies":[{"name":"wp","href":"https:\/\/api.w.org\/{rel}","templated":true}]}}