{"id":99437,"date":"2021-12-15T09:24:41","date_gmt":"2021-12-15T14:24:41","guid":{"rendered":"http:\/\/elcuartopoder.com.mx\/nw\/?p=99437"},"modified":"2021-12-15T09:24:42","modified_gmt":"2021-12-15T14:24:42","slug":"se-instala-subcomite-sectorial-de-desarrollo-institucional-y-buen-gobierno","status":"publish","type":"post","link":"https:\/\/elcuartopoder.com.mx\/nw\/municipales\/se-instala-subcomite-sectorial-de-desarrollo-institucional-y-buen-gobierno\/","title":{"rendered":"SE INSTALA SUBCOMIT\u00c9 SECTORIAL DE DESARROLLO INSTITUCIONAL Y BUEN GOBIERNO"},"content":{"rendered":"\n<p>El Gobierno municipal que encabeza Juanita Alonso Marrufo llev\u00f3 a cabo la instalaci\u00f3n y la primera sesi\u00f3n ordinaria del Subcomit\u00e9 sectorial de Desarrollo Institucional y Buen Gobierno perteneciente al Comit\u00e9 de Planeaci\u00f3n para el Desarrollo del Municipio de Cozumel (COPLADEMUN) para el periodo 2021-2024, cuyo prop\u00f3sito es forjar un gobierno que sea cercano a la gente, que escuche, que implemente acciones para su bienestar y que a su vez garantice que buscar\u00e1 el progreso humano y econ\u00f3mico de la isla.<\/p>\n\n\n\n<p>Dicha instalaci\u00f3n y primera sesi\u00f3n ordinaria tuvo lugar en el sal\u00f3n Municipios de Quintana Roo, donde el oficial mayor en su calidad de coordinador del organismo sectorial, Ra\u00fal Mart\u00edn Ceh Fern\u00e1ndez, destac\u00f3 que la l\u00ednea de acci\u00f3n encomendada por la presidenta municipal, Juanita Alonso, es de cumplir con el compromiso hacia la ciudadan\u00eda, con empe\u00f1o absoluto para dar buenos resultados en apego a las leyes que regulan al municipio y en apego a los principios fundamentales de la Cuarta Transformaci\u00f3n&nbsp; que lidera el Presidente de la Rep\u00fablica Mexicana Lic. Andr\u00e9s Manuel L\u00f3pez Obrador, de \u201cNo mentir\u201d, \u201cNo robar\u201d y \u201cNo traicionar\u201d al pueblo.<\/p>\n\n\n\n<p>Por ello, solicit\u00f3 a los representantes de las diferentes \u00e1reas administrativas que conforman el Subcomit\u00e9 a que realicen un diagnostico de cada una de las direcciones, mencionando las \u00e1reas de mejora y planes de trabajo, as\u00ed como a los representantes de las sociedades de Cozumel a unirse con propuestas que puedan enriquecer el plan de gobierno y las decisiones de esta administraci\u00f3n municipal.<\/p>\n\n\n\n<p>Este Subcomit\u00e9 sectorial de Desarrollo Institucional y Buen Gobierno est\u00e1 compuesto por el noveno regidor presidente de la Comisi\u00f3n de Comercio y asuntos agropecuarios, Miguel \u00c1ngel Cant\u00e9 \u00c1vila; el secretario general, Ren\u00e1n S\u00e1nchez Tajonar, la directora Jur\u00eddica Layda del Carmen Y\u00e1nez, el director de Sistemas, Mario Luis del Valle L\u00f3pez, el director de la Unidad de Transparencia Acceso a la Informaci\u00f3n P\u00fablica y Protecci\u00f3n de Datos Personales, Alfredo Arellano Villase\u00f1or y el director de Comunicaci\u00f3n Social, V\u00edctor Hugo Bejarano Molina, as\u00ed como representantes de diversas sociedades civiles de Cozumel.\u00a0<\/p>\n\n\n\n<ul class=\"wp-block-gallery columns-3 is-cropped wp-block-gallery-1 is-layout-flex wp-block-gallery-is-layout-flex\"><li class=\"blocks-gallery-item\"><figure><img loading=\"lazy\" decoding=\"async\" width=\"1024\" height=\"514\" src=\"http:\/\/elcuartopoder.com.mx\/nw\/wp-content\/uploads\/2021\/12\/SUBCMTE-1024x514.jpg\" alt=\"\" data-id=\"99438\" data-link=\"http:\/\/elcuartopoder.com.mx\/nw\/?attachment_id=99438\" class=\"wp-image-99438\" srcset=\"https:\/\/elcuartopoder.com.mx\/nw\/wp-content\/uploads\/2021\/12\/SUBCMTE-1024x514.jpg 1024w, https:\/\/elcuartopoder.com.mx\/nw\/wp-content\/uploads\/2021\/12\/SUBCMTE-300x151.jpg 300w, https:\/\/elcuartopoder.com.mx\/nw\/wp-content\/uploads\/2021\/12\/SUBCMTE-768x385.jpg 768w, https:\/\/elcuartopoder.com.mx\/nw\/wp-content\/uploads\/2021\/12\/SUBCMTE-696x349.jpg 696w, https:\/\/elcuartopoder.com.mx\/nw\/wp-content\/uploads\/2021\/12\/SUBCMTE.jpg 1734w\" sizes=\"auto, (max-width: 1024px) 100vw, 1024px\" \/><\/figure><\/li><li class=\"blocks-gallery-item\"><figure><img loading=\"lazy\" decoding=\"async\" width=\"1024\" height=\"678\" src=\"http:\/\/elcuartopoder.com.mx\/nw\/wp-content\/uploads\/2021\/12\/SUBCMTE1-1024x678.jpg\" alt=\"\" data-id=\"99439\" data-link=\"http:\/\/elcuartopoder.com.mx\/nw\/?attachment_id=99439\" class=\"wp-image-99439\" srcset=\"https:\/\/elcuartopoder.com.mx\/nw\/wp-content\/uploads\/2021\/12\/SUBCMTE1-1024x678.jpg 1024w, https:\/\/elcuartopoder.com.mx\/nw\/wp-content\/uploads\/2021\/12\/SUBCMTE1-300x198.jpg 300w, https:\/\/elcuartopoder.com.mx\/nw\/wp-content\/uploads\/2021\/12\/SUBCMTE1-768x508.jpg 768w, https:\/\/elcuartopoder.com.mx\/nw\/wp-content\/uploads\/2021\/12\/SUBCMTE1-696x460.jpg 696w, https:\/\/elcuartopoder.com.mx\/nw\/wp-content\/uploads\/2021\/12\/SUBCMTE1.jpg 2048w\" sizes=\"auto, (max-width: 1024px) 100vw, 1024px\" \/><\/figure><\/li><li class=\"blocks-gallery-item\"><figure><img loading=\"lazy\" decoding=\"async\" width=\"1024\" height=\"690\" src=\"http:\/\/elcuartopoder.com.mx\/nw\/wp-content\/uploads\/2021\/12\/SUBCMTE2-1024x690.jpg\" alt=\"\" data-id=\"99440\" data-link=\"http:\/\/elcuartopoder.com.mx\/nw\/?attachment_id=99440\" class=\"wp-image-99440\" srcset=\"https:\/\/elcuartopoder.com.mx\/nw\/wp-content\/uploads\/2021\/12\/SUBCMTE2-1024x690.jpg 1024w, https:\/\/elcuartopoder.com.mx\/nw\/wp-content\/uploads\/2021\/12\/SUBCMTE2-300x202.jpg 300w, https:\/\/elcuartopoder.com.mx\/nw\/wp-content\/uploads\/2021\/12\/SUBCMTE2-768x517.jpg 768w, https:\/\/elcuartopoder.com.mx\/nw\/wp-content\/uploads\/2021\/12\/SUBCMTE2-696x469.jpg 696w, https:\/\/elcuartopoder.com.mx\/nw\/wp-content\/uploads\/2021\/12\/SUBCMTE2.jpg 2048w\" sizes=\"auto, (max-width: 1024px) 100vw, 1024px\" \/><\/figure><\/li><li class=\"blocks-gallery-item\"><figure><img loading=\"lazy\" decoding=\"async\" width=\"1024\" height=\"434\" src=\"http:\/\/elcuartopoder.com.mx\/nw\/wp-content\/uploads\/2021\/12\/SUBCMTE3-1024x434.jpg\" alt=\"\" data-id=\"99441\" data-link=\"http:\/\/elcuartopoder.com.mx\/nw\/?attachment_id=99441\" class=\"wp-image-99441\" srcset=\"https:\/\/elcuartopoder.com.mx\/nw\/wp-content\/uploads\/2021\/12\/SUBCMTE3-1024x434.jpg 1024w, https:\/\/elcuartopoder.com.mx\/nw\/wp-content\/uploads\/2021\/12\/SUBCMTE3-300x127.jpg 300w, https:\/\/elcuartopoder.com.mx\/nw\/wp-content\/uploads\/2021\/12\/SUBCMTE3-768x326.jpg 768w, https:\/\/elcuartopoder.com.mx\/nw\/wp-content\/uploads\/2021\/12\/SUBCMTE3-696x295.jpg 696w, https:\/\/elcuartopoder.com.mx\/nw\/wp-content\/uploads\/2021\/12\/SUBCMTE3.jpg 2048w\" sizes=\"auto, (max-width: 1024px) 100vw, 1024px\" \/><\/figure><\/li><li class=\"blocks-gallery-item\"><figure><img loading=\"lazy\" decoding=\"async\" width=\"1024\" height=\"498\" src=\"http:\/\/elcuartopoder.com.mx\/nw\/wp-content\/uploads\/2021\/12\/SUBCMTE4-1024x498.jpg\" alt=\"\" data-id=\"99442\" data-link=\"http:\/\/elcuartopoder.com.mx\/nw\/?attachment_id=99442\" class=\"wp-image-99442\" srcset=\"https:\/\/elcuartopoder.com.mx\/nw\/wp-content\/uploads\/2021\/12\/SUBCMTE4-1024x498.jpg 1024w, https:\/\/elcuartopoder.com.mx\/nw\/wp-content\/uploads\/2021\/12\/SUBCMTE4-300x146.jpg 300w, https:\/\/elcuartopoder.com.mx\/nw\/wp-content\/uploads\/2021\/12\/SUBCMTE4-768x373.jpg 768w, https:\/\/elcuartopoder.com.mx\/nw\/wp-content\/uploads\/2021\/12\/SUBCMTE4-696x338.jpg 696w, https:\/\/elcuartopoder.com.mx\/nw\/wp-content\/uploads\/2021\/12\/SUBCMTE4.jpg 2048w\" sizes=\"auto, (max-width: 1024px) 100vw, 1024px\" \/><\/figure><\/li><\/ul>\n","protected":false},"excerpt":{"rendered":"<p>El Gobierno municipal que encabeza Juanita Alonso Marrufo llev\u00f3 a cabo la instalaci\u00f3n y la primera sesi\u00f3n ordinaria del Subcomit\u00e9 sectorial de Desarrollo Institucional y Buen Gobierno perteneciente al Comit\u00e9 de Planeaci\u00f3n para el Desarrollo del Municipio de Cozumel (COPLADEMUN) para el periodo 2021-2024, cuyo prop\u00f3sito es forjar un gobierno que sea cercano a la [&hellip;]<\/p>\n","protected":false},"author":2,"featured_media":99443,"comment_status":"open","ping_status":"open","sticky":false,"template":"","format":"standard","meta":{"footnotes":""},"categories":[6],"tags":[],"class_list":["post-99437","post","type-post","status-publish","format-standard","has-post-thumbnail","hentry","category-municipales"],"_links":{"self":[{"href":"https:\/\/elcuartopoder.com.mx\/nw\/wp-json\/wp\/v2\/posts\/99437","targetHints":{"allow":["GET"]}}],"collection":[{"href":"https:\/\/elcuartopoder.com.mx\/nw\/wp-json\/wp\/v2\/posts"}],"about":[{"href":"https:\/\/elcuartopoder.com.mx\/nw\/wp-json\/wp\/v2\/types\/post"}],"author":[{"embeddable":true,"href":"https:\/\/elcuartopoder.com.mx\/nw\/wp-json\/wp\/v2\/users\/2"}],"replies":[{"embeddable":true,"href":"https:\/\/elcuartopoder.com.mx\/nw\/wp-json\/wp\/v2\/comments?post=99437"}],"version-history":[{"count":1,"href":"https:\/\/elcuartopoder.com.mx\/nw\/wp-json\/wp\/v2\/posts\/99437\/revisions"}],"predecessor-version":[{"id":99444,"href":"https:\/\/elcuartopoder.com.mx\/nw\/wp-json\/wp\/v2\/posts\/99437\/revisions\/99444"}],"wp:featuredmedia":[{"embeddable":true,"href":"https:\/\/elcuartopoder.com.mx\/nw\/wp-json\/wp\/v2\/media\/99443"}],"wp:attachment":[{"href":"https:\/\/elcuartopoder.com.mx\/nw\/wp-json\/wp\/v2\/media?parent=99437"}],"wp:term":[{"taxonomy":"category","embeddable":true,"href":"https:\/\/elcuartopoder.com.mx\/nw\/wp-json\/wp\/v2\/categories?post=99437"},{"taxonomy":"post_tag","embeddable":true,"href":"https:\/\/elcuartopoder.com.mx\/nw\/wp-json\/wp\/v2\/tags?post=99437"}],"curies":[{"name":"wp","href":"https:\/\/api.w.org\/{rel}","templated":true}]}}