{"id":99451,"date":"2021-12-15T09:45:59","date_gmt":"2021-12-15T14:45:59","guid":{"rendered":"http:\/\/elcuartopoder.com.mx\/nw\/?p=99451"},"modified":"2021-12-15T09:46:00","modified_gmt":"2021-12-15T14:46:00","slug":"sube-a-56-el-numero-de-migrantes-fallecidos-por-accidente-de-trailer-en-chiapas","status":"publish","type":"post","link":"https:\/\/elcuartopoder.com.mx\/nw\/policiacas\/sube-a-56-el-numero-de-migrantes-fallecidos-por-accidente-de-trailer-en-chiapas\/","title":{"rendered":"Sube a 56 el n\u00famero de migrantes fallecidos por accidente de tr\u00e1iler en Chiapas"},"content":{"rendered":"\n<p>El n\u00famero de&nbsp;migrantes fallecidos&nbsp;en el accidente del pasado jueves en la&nbsp;carretera de Chiapa de Corzo-Tuxtla Guti\u00e9rrez&nbsp;subi\u00f3&nbsp;este martes a 56, inform\u00f3 el&nbsp;secretario de Salud de Chiapas, Jos\u00e9 Manuel Cruz Castellanos.<\/p>\n\n\n\n<p>El funcionario inform\u00f3 que la&nbsp;persona fallecida de origen centroamericano no ha sido identificada a\u00fan y su estado de salud era \u00abmuy grave\u00bb, con diagn\u00f3stico de traumatismo cr\u00e1neo encef\u00e1lico severo y de t\u00f3rax.<br>El paciente estaba intubado en la Unidad de Cuidados Intensivos Adultos del Hospital General \u00abDr. Jes\u00fas Gilberto G\u00f3mez Maza\u00bb en Tuxtla Guti\u00e9rrez.<\/p>\n\n\n\n<p>De acuerdo con este \u00faltimo reporte, 62 pacientes permanecen en centros hospitalarios, 45 han sido dados de alta y siete perdieron la vida cuando recib\u00edan atenci\u00f3n m\u00e9dica, debido a la gravedad de sus lesiones, de un total de 114 atendidos.<\/p>\n\n\n\n<p><strong>Fuente:<\/strong> XEU<\/p>\n","protected":false},"excerpt":{"rendered":"<p>El n\u00famero de&nbsp;migrantes fallecidos&nbsp;en el accidente del pasado jueves en la&nbsp;carretera de Chiapa de Corzo-Tuxtla Guti\u00e9rrez&nbsp;subi\u00f3&nbsp;este martes a 56, inform\u00f3 el&nbsp;secretario de Salud de Chiapas, Jos\u00e9 Manuel Cruz Castellanos. El funcionario inform\u00f3 que la&nbsp;persona fallecida de origen centroamericano no ha sido identificada a\u00fan y su estado de salud era \u00abmuy grave\u00bb, con diagn\u00f3stico de traumatismo [&hellip;]<\/p>\n","protected":false},"author":2,"featured_media":99452,"comment_status":"open","ping_status":"open","sticky":false,"template":"","format":"standard","meta":{"footnotes":""},"categories":[23],"tags":[],"class_list":["post-99451","post","type-post","status-publish","format-standard","has-post-thumbnail","hentry","category-policiacas"],"_links":{"self":[{"href":"https:\/\/elcuartopoder.com.mx\/nw\/wp-json\/wp\/v2\/posts\/99451","targetHints":{"allow":["GET"]}}],"collection":[{"href":"https:\/\/elcuartopoder.com.mx\/nw\/wp-json\/wp\/v2\/posts"}],"about":[{"href":"https:\/\/elcuartopoder.com.mx\/nw\/wp-json\/wp\/v2\/types\/post"}],"author":[{"embeddable":true,"href":"https:\/\/elcuartopoder.com.mx\/nw\/wp-json\/wp\/v2\/users\/2"}],"replies":[{"embeddable":true,"href":"https:\/\/elcuartopoder.com.mx\/nw\/wp-json\/wp\/v2\/comments?post=99451"}],"version-history":[{"count":1,"href":"https:\/\/elcuartopoder.com.mx\/nw\/wp-json\/wp\/v2\/posts\/99451\/revisions"}],"predecessor-version":[{"id":99453,"href":"https:\/\/elcuartopoder.com.mx\/nw\/wp-json\/wp\/v2\/posts\/99451\/revisions\/99453"}],"wp:featuredmedia":[{"embeddable":true,"href":"https:\/\/elcuartopoder.com.mx\/nw\/wp-json\/wp\/v2\/media\/99452"}],"wp:attachment":[{"href":"https:\/\/elcuartopoder.com.mx\/nw\/wp-json\/wp\/v2\/media?parent=99451"}],"wp:term":[{"taxonomy":"category","embeddable":true,"href":"https:\/\/elcuartopoder.com.mx\/nw\/wp-json\/wp\/v2\/categories?post=99451"},{"taxonomy":"post_tag","embeddable":true,"href":"https:\/\/elcuartopoder.com.mx\/nw\/wp-json\/wp\/v2\/tags?post=99451"}],"curies":[{"name":"wp","href":"https:\/\/api.w.org\/{rel}","templated":true}]}}