{"id":99455,"date":"2021-12-15T16:29:08","date_gmt":"2021-12-15T21:29:08","guid":{"rendered":"http:\/\/elcuartopoder.com.mx\/nw\/?p=99455"},"modified":"2021-12-15T16:29:10","modified_gmt":"2021-12-15T21:29:10","slug":"confirma-corte-de-eu-reactivacion-de-programa-para-migrantes-permanecer-en-mexico","status":"publish","type":"post","link":"https:\/\/elcuartopoder.com.mx\/nw\/internacionales\/confirma-corte-de-eu-reactivacion-de-programa-para-migrantes-permanecer-en-mexico\/","title":{"rendered":"Confirma Corte de EU reactivaci\u00f3n de programa para migrantes \u00abPermanecer en M\u00e9xico\u00bb"},"content":{"rendered":"\n<p>Un tribunal federal de apelaciones de Estados Unidos confirm\u00f3 la reactivaci\u00f3n de una pol\u00edtica implementada durante la presidencia de Donald Trump, la cual&nbsp;requiere que los solicitantes de asilo esperen en M\u00e9xico en lo que se procesan sus casos en cortes estadounidenses, pese al intento del gobierno del presidente Joe Biden por revertir .<\/p>\n\n\n\n<p>El Tribunal Federal de Apelaciones del Quinto Circuito en Nueva Orleans, en un fallo emitido el lunes por la noche, ratific\u00f3 una decisi\u00f3n de un juez federal de Texas que mantiene en vigor la pol\u00edtica de Trump, mejor conocida como \u00abPermanecer en M\u00e9xico\u00bb.<\/p>\n\n\n\n<p>La secretaria de Prensa de la Casa Blanca, Jen Psaki, se neg\u00f3 el martes a decir si el gobierno apelar\u00eda la decisi\u00f3n ante la Corte Suprema y refiri\u00f3 ese tipo de preguntas al Departamento de Justicia.\u00a0<\/p>\n\n\n\n<p><strong>Fuente:<\/strong> XEU<\/p>\n","protected":false},"excerpt":{"rendered":"<p>Un tribunal federal de apelaciones de Estados Unidos confirm\u00f3 la reactivaci\u00f3n de una pol\u00edtica implementada durante la presidencia de Donald Trump, la cual&nbsp;requiere que los solicitantes de asilo esperen en M\u00e9xico en lo que se procesan sus casos en cortes estadounidenses, pese al intento del gobierno del presidente Joe Biden por revertir . El Tribunal [&hellip;]<\/p>\n","protected":false},"author":2,"featured_media":99456,"comment_status":"open","ping_status":"open","sticky":false,"template":"","format":"standard","meta":{"footnotes":""},"categories":[8],"tags":[],"class_list":["post-99455","post","type-post","status-publish","format-standard","has-post-thumbnail","hentry","category-internacionales"],"_links":{"self":[{"href":"https:\/\/elcuartopoder.com.mx\/nw\/wp-json\/wp\/v2\/posts\/99455","targetHints":{"allow":["GET"]}}],"collection":[{"href":"https:\/\/elcuartopoder.com.mx\/nw\/wp-json\/wp\/v2\/posts"}],"about":[{"href":"https:\/\/elcuartopoder.com.mx\/nw\/wp-json\/wp\/v2\/types\/post"}],"author":[{"embeddable":true,"href":"https:\/\/elcuartopoder.com.mx\/nw\/wp-json\/wp\/v2\/users\/2"}],"replies":[{"embeddable":true,"href":"https:\/\/elcuartopoder.com.mx\/nw\/wp-json\/wp\/v2\/comments?post=99455"}],"version-history":[{"count":1,"href":"https:\/\/elcuartopoder.com.mx\/nw\/wp-json\/wp\/v2\/posts\/99455\/revisions"}],"predecessor-version":[{"id":99457,"href":"https:\/\/elcuartopoder.com.mx\/nw\/wp-json\/wp\/v2\/posts\/99455\/revisions\/99457"}],"wp:featuredmedia":[{"embeddable":true,"href":"https:\/\/elcuartopoder.com.mx\/nw\/wp-json\/wp\/v2\/media\/99456"}],"wp:attachment":[{"href":"https:\/\/elcuartopoder.com.mx\/nw\/wp-json\/wp\/v2\/media?parent=99455"}],"wp:term":[{"taxonomy":"category","embeddable":true,"href":"https:\/\/elcuartopoder.com.mx\/nw\/wp-json\/wp\/v2\/categories?post=99455"},{"taxonomy":"post_tag","embeddable":true,"href":"https:\/\/elcuartopoder.com.mx\/nw\/wp-json\/wp\/v2\/tags?post=99455"}],"curies":[{"name":"wp","href":"https:\/\/api.w.org\/{rel}","templated":true}]}}