{"id":99468,"date":"2021-12-15T18:34:15","date_gmt":"2021-12-15T23:34:15","guid":{"rendered":"http:\/\/elcuartopoder.com.mx\/nw\/?p=99468"},"modified":"2021-12-15T18:35:52","modified_gmt":"2021-12-15T23:35:52","slug":"este-estudio-puede-explicar-por-que-el-covid-afecta-menos-a-los-bebes-que-a-los-adultos","status":"publish","type":"post","link":"https:\/\/elcuartopoder.com.mx\/nw\/entretenimiento\/salud\/este-estudio-puede-explicar-por-que-el-covid-afecta-menos-a-los-bebes-que-a-los-adultos\/","title":{"rendered":"Este estudio puede explicar por qu\u00e9 el Covid afecta menos a los beb\u00e9s que a los adultos"},"content":{"rendered":"\n<h2 class=\"wp-block-heading\">El sistema inmunol\u00f3gico del beb\u00e9 es robusto, eficiente y puede deshacerse de los pat\u00f3genos en los primeros a\u00f1os de vida y puede ser incluso mejor que el de los adultos, ya que est\u00e1 dise\u00f1ado para responder a una multitud de nuevos pat\u00f3genos.<\/h2>\n\n\n\n<p>A pesar de que los ni\u00f1os m\u00e1s peque\u00f1os son propensos a contraer infecciones respiratorias ello no quiere decir que su sistema inmunol\u00f3gico sea m\u00e1s d\u00e9bil. Lo sugiere una investigaci\u00f3n publicada en&nbsp;<a href=\"https:\/\/www.science.org\/journal\/sciadv\" target=\"_blank\" rel=\"noreferrer noopener\">\u00abScience Advances\u00bb<\/a>&nbsp;que ha visto que el sistema inmunol\u00f3gico de los ni\u00f1os es m\u00e1s fuerte de lo que la mayor\u00eda de la gente piensa y supera al adulto en la lucha contra nuevos pat\u00f3genos.<\/p>\n\n\n\n<p>\u00abEl sistema inmunol\u00f3gico infantil tiene la reputaci\u00f3n de ser d\u00e9bil y estar poco desarrollado en comparaci\u00f3n con el de los adultos adulto, pero la comparaci\u00f3n no es del todo justa\u00bb, dice Donna Farber, de la&nbsp;<a href=\"https:\/\/www.columbia.edu\/\" target=\"_blank\" rel=\"noreferrer noopener\">Universidad de Columbia.<\/a><\/p>\n\n\n\n<p>Los beb\u00e9s contraen muchas enfermedades respiratorias a causa de virus, como la gripe y el virus sincitial respiratorio, en comparaci\u00f3n con los adultos.<\/p>\n\n\n\n<p>Pero a diferencia de estos, los beb\u00e9s se enfrentan a estos virus por primera vez. \u00abLos adultos no se enferman con tanta frecuencia porque ya no tienen memoria de estos virus que nos protegen -se\u00f1ala Farber- mientras que todo lo que encuentra el beb\u00e9 es nuevo\u00bb.<em>Los beb\u00e9s contraen muchas enfermedades respiratorias a causa de virus, como la gripe y el virus sincitial respiratorio, en comparaci\u00f3n con los adultos<\/em><\/p>\n\n\n\n<p>En este nuevo estudio, Farber y sus colegas probaron la capacidad del sistema inmunol\u00f3gico, de ratones adultos y con poco tiempo de vida para responder a un nuevo pat\u00f3geno, pero eliminando cualquier contribuci\u00f3n de la memoria inmunol\u00f3gica.<\/p>\n\n\n\n<p>Para ello, obtuvieron c\u00e9lulas T naive, c\u00e9lulas inmunes que nunca se han encontrado ante un pat\u00f3geno, tanto de ratones adultos como de beb\u00e9s. Las c\u00e9lulas se trasplantaron a un rat\u00f3n adulto infectado con un virus .<\/p>\n\n\n\n<p>Y para sorpresa de los investigadores los resultados mostraron que en la capacidad para erradicar el virus, las c\u00e9lulas T infantiles ganaron ampliamente. Las c\u00e9lulas T naive de ratones beb\u00e9s, escriben, detectan niveles m\u00e1s bajos del virus que las c\u00e9lulas adultas y las c\u00e9lulas infantiles proliferaron m\u00e1s r\u00e1pido y viajaron en mayor n\u00famero al lugar de la infecci\u00f3n, construyendo r\u00e1pidamente un fuerte defensa contra el virus.<em>Los resultados mostraron que en la capacidad para erradicar el virus, las c\u00e9lulas T infantiles ganaron ampliamente<\/em><\/p>\n\n\n\n<p>La misma comparaci\u00f3n realizado en el laboratorio encontr\u00f3 una resultados similar entre c\u00e9lulas T de beb\u00e9s humanos en comparaci\u00f3n con las c\u00e9lulas T adultas.<\/p>\n\n\n\n<p>\u00abAnalizamos c\u00e9lula<strong>s T naive que nunca se hab\u00edan activado<\/strong>, por lo que fue una sorpresa que se comportaran de manera diferente seg\u00fan la edad -asegura Farber-. Los datos nos muestran que es que el sistema inmunol\u00f3gico del beb\u00e9 es robusto, eficiente y puede deshacerse de los pat\u00f3genos en los primeros a\u00f1os de vida. De alguna manera, puede ser incluso mejor que el sistema inmunol\u00f3gico de los adultos, ya que est\u00e1 dise\u00f1ado para responder a un multitud de nuevos pat\u00f3genos\u00bb.<\/p>\n\n\n\n<p>Seg\u00fan los investigadores esto parece estar ocurriendo en el Covid. \u00abEl SARS-CoV-2 es nuevo para todo el mundo, por lo que ahora estamos viendo una comparaci\u00f3n natural del sistema inmunol\u00f3gico de adultos y beb\u00e9\u00bb, explica Farber. \u00ab<strong>Y a los ni\u00f1os les est\u00e1 yendo mucho mejor\u00bb, reconoce.<\/strong><\/p>\n\n\n\n<p>Explica que los adultos que se enfrentan a un pat\u00f3geno nuevo \u00abreaccionan m\u00e1s lentamente. Eso le da al virus la oportunidad de replicarse m\u00e1s, y es entonces cuando una persona enferma\u00bb.<em>\u00abAnalizamos c\u00e9lulas T naive que nunca se hab\u00edan activado, por lo que fue una sorpresa que se comportaran de manera diferente seg\u00fan la edad -asegura Farber-<\/em><\/p>\n\n\n\n<p>Los hallazgos tambi\u00e9n ayudan a explicar por qu\u00e9 las vacunas son especialmente efectivas en la infancia, cuando las c\u00e9lulas T son muy s\u00f3lidas. \u00abEse es el momento de vacunarse y no debe preocuparnos que reciban varias vacunas en ese per\u00edodo -subraya Farber-. Cualquier ni\u00f1o, espacialmente antes de que comenz\u00e1ramos a usar mascarillas, est\u00e1 expuesto a una gran cantidad de nuevos ant\u00edgenos todos los d\u00edas\u00bb.<\/p>\n\n\n\n<p>Adem\u00e1s, Faber cree que esta informaci\u00f3n podr\u00eda conducir a mejores dise\u00f1os de vacunas para ni\u00f1os.<\/p>\n\n\n\n<p>\u00abLa mayor\u00eda de las formulaciones y dosis de vacunas son las mismas para todas las edades, pero comprender las distintas respuestas inmunitarias en la infancia sugiere que podemos usar dosis m\u00e1s bajas para los ni\u00f1os y podr\u00eda ayudarnos a dise\u00f1ar vacunas que sean m\u00e1s efectivas para este grupo de edad\u00bb, agrega Farber.<\/p>\n\n\n\n<p>fuente: https:\/\/www.abc.es\/salud\/enfermedades\/abci-este-estudio-puede-explicar-covid-afecta-menos-bebes-adultos-202112131514_noticia.html<\/p>\n","protected":false},"excerpt":{"rendered":"<p>El sistema inmunol\u00f3gico del beb\u00e9 es robusto, eficiente y puede deshacerse de los pat\u00f3genos en los primeros a\u00f1os de vida y puede ser incluso mejor que el de los adultos, ya que est\u00e1 dise\u00f1ado para responder a una multitud de nuevos pat\u00f3genos. A pesar de que los ni\u00f1os m\u00e1s peque\u00f1os son propensos a contraer infecciones [&hellip;]<\/p>\n","protected":false},"author":2,"featured_media":99469,"comment_status":"open","ping_status":"open","sticky":false,"template":"","format":"standard","meta":{"footnotes":""},"categories":[56],"tags":[],"class_list":["post-99468","post","type-post","status-publish","format-standard","has-post-thumbnail","hentry","category-salud"],"_links":{"self":[{"href":"https:\/\/elcuartopoder.com.mx\/nw\/wp-json\/wp\/v2\/posts\/99468","targetHints":{"allow":["GET"]}}],"collection":[{"href":"https:\/\/elcuartopoder.com.mx\/nw\/wp-json\/wp\/v2\/posts"}],"about":[{"href":"https:\/\/elcuartopoder.com.mx\/nw\/wp-json\/wp\/v2\/types\/post"}],"author":[{"embeddable":true,"href":"https:\/\/elcuartopoder.com.mx\/nw\/wp-json\/wp\/v2\/users\/2"}],"replies":[{"embeddable":true,"href":"https:\/\/elcuartopoder.com.mx\/nw\/wp-json\/wp\/v2\/comments?post=99468"}],"version-history":[{"count":2,"href":"https:\/\/elcuartopoder.com.mx\/nw\/wp-json\/wp\/v2\/posts\/99468\/revisions"}],"predecessor-version":[{"id":99471,"href":"https:\/\/elcuartopoder.com.mx\/nw\/wp-json\/wp\/v2\/posts\/99468\/revisions\/99471"}],"wp:featuredmedia":[{"embeddable":true,"href":"https:\/\/elcuartopoder.com.mx\/nw\/wp-json\/wp\/v2\/media\/99469"}],"wp:attachment":[{"href":"https:\/\/elcuartopoder.com.mx\/nw\/wp-json\/wp\/v2\/media?parent=99468"}],"wp:term":[{"taxonomy":"category","embeddable":true,"href":"https:\/\/elcuartopoder.com.mx\/nw\/wp-json\/wp\/v2\/categories?post=99468"},{"taxonomy":"post_tag","embeddable":true,"href":"https:\/\/elcuartopoder.com.mx\/nw\/wp-json\/wp\/v2\/tags?post=99468"}],"curies":[{"name":"wp","href":"https:\/\/api.w.org\/{rel}","templated":true}]}}