{"id":99480,"date":"2021-12-15T18:49:12","date_gmt":"2021-12-15T23:49:12","guid":{"rendered":"http:\/\/elcuartopoder.com.mx\/nw\/?p=99480"},"modified":"2021-12-15T18:49:13","modified_gmt":"2021-12-15T23:49:13","slug":"covid-19-los-pediatras-creen-importante-y-necesario-vacunar-a-todos-los-ninos","status":"publish","type":"post","link":"https:\/\/elcuartopoder.com.mx\/nw\/opinion\/covid-19-los-pediatras-creen-importante-y-necesario-vacunar-a-todos-los-ninos\/","title":{"rendered":"Covid-19: Los pediatras creen \u00abimportante y necesario\u00bb vacunar a todos los ni\u00f1os"},"content":{"rendered":"\n<h2 class=\"wp-block-heading\">La AEPap hace tambi\u00e9n un llamamiento a \u00abintensificar los esfuerzos para llegar a los adolescentes a\u00fan no vacunados\u00bb<\/h2>\n\n\n\n<p>Ma\u00f1ana, 15 de diciembre, las Comunidades Aut\u00f3nomas comienzan la campa\u00f1a de inmunizaci\u00f3n frente al Covid-19 en la poblaci\u00f3n con edades entre los 5 y los 10 a\u00f1os, una vez que las primeras dosis pedi\u00e1tricas han sido distribuidas por el Ministerio de Sanidad. En este contexto, la&nbsp;<a href=\"https:\/\/www.aepap.org\/\" target=\"_blank\" rel=\"noreferrer noopener\">Asociaci\u00f3n Espa\u00f1ola de Pediatr\u00eda de Atenci\u00f3n Primaria (AEPap)<\/a>&nbsp;subraya la importancia de esta vacunaci\u00f3n para proteger a los ni\u00f1os y ni\u00f1as, en especial, a quienes presentan factores de riesgo. Aunque la poblaci\u00f3n pedi\u00e1trica presenta por lo general cuadros menos graves que otros grupos de edad, hay casos en los que es especialmente importante inmunizar.<\/p>\n\n\n\n<p>As\u00ed lo explica el Dr. Pedro Gorrotxategi, vicepresidente de AEPap. \u00abLa mayor\u00eda de los ni\u00f1os y ni\u00f1as pasan la infecci\u00f3n por Covid-19 sin s\u00edntomas, o con tos, secreciones nasales, dolores musculares, dolor de garganta y, a veces, un par de d\u00edas de fiebre\u00bb.<\/p>\n\n\n\n<p>Sin embargo, \u00aben algunos casos, tienen que ingresar en el hospital y unos pocos acaban en cuidados intensivos\u00bb. Este gran abanico de manifestaciones de la infecci\u00f3n.&nbsp;<strong>\u00abHa generado dudas en algunos padres, que preguntan sobre la conveniencia o no de vacunar\u00bb<\/strong>, explica el Dr. Gorrotxategi. Para el vicepresidente de AEPap, la vacunaci\u00f3n en este grupo de edad es&nbsp;<strong>\u00abimportante y necesaria\u00bb<\/strong>.<\/p>\n\n\n\n<p>Para ilustrarlo, el doctor \u00c1ngel Hern\u00e1ndez-Merino, asesor del Comit\u00e9 de Vacunas de la Asociaci\u00f3n Espa\u00f1ola de Pediatr\u00eda (AEP) se\u00f1ala datos de la Red Nacional de Vigilancia epidemiol\u00f3gica. \u00abLos casos notificados durante toda la pandemia han sido 380.000 en menores de 10 a\u00f1os, de los que 3.400 han sido hospitalizados, 185 han ingresado en unidades de cuidados intensivos y han fallecido 17\u00bb, explica. Por tanto, \u00ab&nbsp;<a href=\"https:\/\/www.abc.es\/sociedad\/abci-covid-persistente-16-anos-dolia-cabeza-articulaciones-y-derivaban-psiquiatria-202109190121_noticia.html\" target=\"_blank\" rel=\"noreferrer noopener\">el n\u00famero de complicaciones es muy peque\u00f1o en comparaci\u00f3n con las cifras de la poblaci\u00f3n adulta<\/a>, pero, como se puede comprobar, los ni\u00f1os no est\u00e1n exentos de sufrir formas graves de Covid-19\u00bb.<\/p>\n\n\n\n<p>Por ello, \u00ab&nbsp;<a href=\"https:\/\/www.abc.es\/sociedad\/abci-coronavirus-autoriza-vacuna-pfizer-para-ninos-entre-5-y-11-anos-202111251249_noticia.html\" target=\"_blank\" rel=\"noreferrer noopener\"><strong>vacunar a los ni\u00f1os de 5 a 11 a\u00f1os es beneficioso, sobre todos para los menores con mayor fragilidad<\/strong><\/a>, como los que padecen enfermedades neuromusculares, metab\u00f3licas, cardiorrespiratorias u oncol\u00f3gicas\u00bb, se\u00f1ala el Dr. Hern\u00e1ndez-Merino. Este colectivo \u00abhasta ahora no ten\u00eda la posibilidad de vacunarse porque no hab\u00eda vacuna aprobada para ellos, pero ahora pueden beneficiarse de esta vacuna\u00bb, subraya.<\/p>\n\n\n\n<p>En cuanto a las previsiones de lo que ocurrir\u00e1 en los pr\u00f3ximos meses, asegura que \u00abcuando se vacun\u00f3 a los adolescentes de 12 a 18 a\u00f1os disminuy\u00f3 la incidencia en esa franja de edad y ahora se espera que ocurra lo mismo&nbsp;<a href=\"https:\/\/www.abc.es\/sociedad\/abci-coronavirus-tenemos-vacunar-ninos-pequenos-para-recuperen-libertad-202111251953_noticia.html\" target=\"_blank\" rel=\"noreferrer noopener\">entre los 5 y los 11 a\u00f1os, porque son ahora la poblaci\u00f3n m\u00e1s afectada en este momento<\/a>\u00bb, explica el doctor Gorrotxategi. En este sentido, la AEPap hace tambi\u00e9n un llamamiento a \u00abintensificar los esfuerzos para llegar a los adolescentes a\u00fan no vacunados\u00bb.<\/p>\n\n\n\n<p>Asimismo, AEPap es consciente de la necesidad de llevar la vacuna a todos los pa\u00edses para combatir el virus. Su presidenta, la Dra. Concepci\u00f3n S\u00e1nchez Pina, asegura que \u00aben este mundo globalizado, la \u00fanica forma de acabar con la pandemia actual es que la vacunaci\u00f3n llegue a todo el mundo, que todas las personas, especialmente las de mayor riesgo, puedan ser vacunadas y que, de esta forma, se evite que surjan nuevas variantes que pudieran reducir la efectividad de las vacunas, lo que constituir\u00eda importantes pasos atr\u00e1s\u00bb. De este modo, junto con la recomendaci\u00f3n de vacunar al grupo de 5 a 11 a\u00f1os y de tratar de llegar a la poblaci\u00f3n mayor de 12 a\u00f1os a\u00fan sin vacunar, los pediatras de Atenci\u00f3n Primaria subrayan la necesidad de \u00abextender la vacunaci\u00f3n a los pa\u00edses con menos recursos, donde el n\u00famero de personas vacunadas no llega al 10%\u00bb.<\/p>\n\n\n\n<p>fuente: https:\/\/www.abc.es\/familia\/padres-hijos\/abci-covid-19-pediatras-atencion-primaria-consideran-importante-y-necesario-vacunar-todos-ninos-202112141126_noticia.html<\/p>\n\n\n\n<p><\/p>\n","protected":false},"excerpt":{"rendered":"<p>La AEPap hace tambi\u00e9n un llamamiento a \u00abintensificar los esfuerzos para llegar a los adolescentes a\u00fan no vacunados\u00bb Ma\u00f1ana, 15 de diciembre, las Comunidades Aut\u00f3nomas comienzan la campa\u00f1a de inmunizaci\u00f3n frente al Covid-19 en la poblaci\u00f3n con edades entre los 5 y los 10 a\u00f1os, una vez que las primeras dosis pedi\u00e1tricas han sido distribuidas [&hellip;]<\/p>\n","protected":false},"author":2,"featured_media":99481,"comment_status":"open","ping_status":"open","sticky":false,"template":"","format":"standard","meta":{"footnotes":""},"categories":[62],"tags":[],"class_list":["post-99480","post","type-post","status-publish","format-standard","has-post-thumbnail","hentry","category-opinion"],"_links":{"self":[{"href":"https:\/\/elcuartopoder.com.mx\/nw\/wp-json\/wp\/v2\/posts\/99480","targetHints":{"allow":["GET"]}}],"collection":[{"href":"https:\/\/elcuartopoder.com.mx\/nw\/wp-json\/wp\/v2\/posts"}],"about":[{"href":"https:\/\/elcuartopoder.com.mx\/nw\/wp-json\/wp\/v2\/types\/post"}],"author":[{"embeddable":true,"href":"https:\/\/elcuartopoder.com.mx\/nw\/wp-json\/wp\/v2\/users\/2"}],"replies":[{"embeddable":true,"href":"https:\/\/elcuartopoder.com.mx\/nw\/wp-json\/wp\/v2\/comments?post=99480"}],"version-history":[{"count":1,"href":"https:\/\/elcuartopoder.com.mx\/nw\/wp-json\/wp\/v2\/posts\/99480\/revisions"}],"predecessor-version":[{"id":99482,"href":"https:\/\/elcuartopoder.com.mx\/nw\/wp-json\/wp\/v2\/posts\/99480\/revisions\/99482"}],"wp:featuredmedia":[{"embeddable":true,"href":"https:\/\/elcuartopoder.com.mx\/nw\/wp-json\/wp\/v2\/media\/99481"}],"wp:attachment":[{"href":"https:\/\/elcuartopoder.com.mx\/nw\/wp-json\/wp\/v2\/media?parent=99480"}],"wp:term":[{"taxonomy":"category","embeddable":true,"href":"https:\/\/elcuartopoder.com.mx\/nw\/wp-json\/wp\/v2\/categories?post=99480"},{"taxonomy":"post_tag","embeddable":true,"href":"https:\/\/elcuartopoder.com.mx\/nw\/wp-json\/wp\/v2\/tags?post=99480"}],"curies":[{"name":"wp","href":"https:\/\/api.w.org\/{rel}","templated":true}]}}