{"id":99503,"date":"2021-12-15T22:37:16","date_gmt":"2021-12-16T03:37:16","guid":{"rendered":"http:\/\/elcuartopoder.com.mx\/nw\/?p=99503"},"modified":"2021-12-15T22:37:17","modified_gmt":"2021-12-16T03:37:17","slug":"avala-poder-judicial-formacion-inicial-para-policias-preventivos","status":"publish","type":"post","link":"https:\/\/elcuartopoder.com.mx\/nw\/estatales\/avala-poder-judicial-formacion-inicial-para-policias-preventivos\/","title":{"rendered":"AVALA PODER JUDICIAL FORMACI\u00d3N INICIAL PARA POLICIAS PREVENTIVOS"},"content":{"rendered":"\n<p>Ante el fortalecimiento de los conocimientos, habilidades, t\u00e9cnicas y t\u00e1cticas a los integrantes de la polic\u00eda de Quintana Roo, el Magistrado Numerario Sala Constitucional, Lic. Juan Garc\u00eda Escamilla, acudi\u00f3 a la Ceremonia de Clausura del Curso de Formaci\u00f3n Inicial para Polic\u00edas Preventivos.<\/p>\n\n\n\n<p>Como resultado de este proceso de capacitaci\u00f3n te\u00f3rico-pr\u00e1ctico, los elementos de la Polic\u00eda de Quintana Roo cuentan con los conocimientos necesarios para afrontar las diversas situaciones a las que se afrontan en sus operativos, garantizando un buen desempe\u00f1o en las acciones de seguridad.<\/p>\n","protected":false},"excerpt":{"rendered":"<p>Ante el fortalecimiento de los conocimientos, habilidades, t\u00e9cnicas y t\u00e1cticas a los integrantes de la polic\u00eda de Quintana Roo, el Magistrado Numerario Sala Constitucional, Lic. Juan Garc\u00eda Escamilla, acudi\u00f3 a la Ceremonia de Clausura del Curso de Formaci\u00f3n Inicial para Polic\u00edas Preventivos. Como resultado de este proceso de capacitaci\u00f3n te\u00f3rico-pr\u00e1ctico, los elementos de la Polic\u00eda [&hellip;]<\/p>\n","protected":false},"author":2,"featured_media":99504,"comment_status":"open","ping_status":"open","sticky":false,"template":"","format":"standard","meta":{"footnotes":""},"categories":[60],"tags":[],"class_list":["post-99503","post","type-post","status-publish","format-standard","has-post-thumbnail","hentry","category-estatales"],"_links":{"self":[{"href":"https:\/\/elcuartopoder.com.mx\/nw\/wp-json\/wp\/v2\/posts\/99503","targetHints":{"allow":["GET"]}}],"collection":[{"href":"https:\/\/elcuartopoder.com.mx\/nw\/wp-json\/wp\/v2\/posts"}],"about":[{"href":"https:\/\/elcuartopoder.com.mx\/nw\/wp-json\/wp\/v2\/types\/post"}],"author":[{"embeddable":true,"href":"https:\/\/elcuartopoder.com.mx\/nw\/wp-json\/wp\/v2\/users\/2"}],"replies":[{"embeddable":true,"href":"https:\/\/elcuartopoder.com.mx\/nw\/wp-json\/wp\/v2\/comments?post=99503"}],"version-history":[{"count":1,"href":"https:\/\/elcuartopoder.com.mx\/nw\/wp-json\/wp\/v2\/posts\/99503\/revisions"}],"predecessor-version":[{"id":99505,"href":"https:\/\/elcuartopoder.com.mx\/nw\/wp-json\/wp\/v2\/posts\/99503\/revisions\/99505"}],"wp:featuredmedia":[{"embeddable":true,"href":"https:\/\/elcuartopoder.com.mx\/nw\/wp-json\/wp\/v2\/media\/99504"}],"wp:attachment":[{"href":"https:\/\/elcuartopoder.com.mx\/nw\/wp-json\/wp\/v2\/media?parent=99503"}],"wp:term":[{"taxonomy":"category","embeddable":true,"href":"https:\/\/elcuartopoder.com.mx\/nw\/wp-json\/wp\/v2\/categories?post=99503"},{"taxonomy":"post_tag","embeddable":true,"href":"https:\/\/elcuartopoder.com.mx\/nw\/wp-json\/wp\/v2\/tags?post=99503"}],"curies":[{"name":"wp","href":"https:\/\/api.w.org\/{rel}","templated":true}]}}