{"id":99520,"date":"2021-12-16T11:20:43","date_gmt":"2021-12-16T16:20:43","guid":{"rendered":"http:\/\/elcuartopoder.com.mx\/nw\/?p=99520"},"modified":"2021-12-16T11:20:44","modified_gmt":"2021-12-16T16:20:44","slug":"se-acabaron-los-comerciales-de-cigarros-senado-avala-prohibicion-a-publicidad-de-tabacaleras","status":"publish","type":"post","link":"https:\/\/elcuartopoder.com.mx\/nw\/entretenimiento\/salud\/se-acabaron-los-comerciales-de-cigarros-senado-avala-prohibicion-a-publicidad-de-tabacaleras\/","title":{"rendered":"Se acabaron los comerciales de cigarros; Senado avala prohibici\u00f3n a publicidad de tabacaleras"},"content":{"rendered":"\n<h2 class=\"wp-block-heading\">Las empresas no podr\u00e1n contratar ning\u00fan servicio de publicidad indirecta o directa para promover sus productos<\/h2>\n\n\n\n<p>De manera un\u00e1nime, el pleno del&nbsp;<strong>Senado<\/strong>&nbsp;aval\u00f3 una reforma a la&nbsp;<strong>Ley General para el Control del Tabaco&nbsp;<\/strong>que proh\u00edbe a las tabacaleras contratar publicidad para promocionar sus productos.<\/p>\n\n\n\n<p>Con 97 votos a favor y cero en contra, los legisladores aprobaron el dictamen que fue enviado por la\u00a0<strong>C\u00e1mara de Diputados\u00a0<\/strong>y ahora fue enviado al\u00a0<strong>Ejecutivo<\/strong>\u00a0<strong>Federal<\/strong>\u00a0para su publicaci\u00f3n en el\u00a0<strong>Diario Oficial de la Federaci\u00f3n<\/strong>\u00a0y que entre en vigor.<\/p>\n\n\n\n<p> La reforma deja en firme que queda prohibido realizar toda forma de publicidad, promoci\u00f3n y patrocinio de los productos elaborados con tabaco, en forma directa o indirecta, a trav\u00e9s de cualquier medio de difusi\u00f3n o comunicaci\u00f3n que pretenda posicionar los elementos de la marca de estos, que fomente la compra, el consumo o preferencia por parte de la poblaci\u00f3n.\u00a0 <\/p>\n\n\n\n<p>Tambi\u00e9n define como espacio 100 por ciento libre de humo de tabaco y emisiones, aquella \u00e1rea f\u00edsica con acceso al p\u00fablico, todo lugar de trabajo, transporte p\u00fablico o espacio de concurrencia colectiva, en los que por razones de orden p\u00fablico e inter\u00e9s social queda prohibido fumar, consumir o tener encendido cualquier producto de tabaco o de nicotina;<\/p>\n\n\n\n<p>Con esto, el\u00a0<strong>Senado<\/strong>\u00a0busca proteger los derechos de los no fumadores a vivir y convivir en espacios 100 por ciento libres de humo de tabaco y emisiones.\u00a0<\/p>\n\n\n\n<div class=\"wp-block-image\"><figure class=\"aligncenter is-resized\"><img loading=\"lazy\" decoding=\"async\" src=\"https:\/\/heraldodemexico.com.mx\/u\/fotografias\/m\/2021\/10\/27\/f768x1-437383_437510_5050.jpeg\" alt=\"\" width=\"514\" height=\"291\"\/><\/figure><\/div>\n\n\n\n<p><strong>\u00abQueda prohibido a cualquier persona consumir o tener encendido cualquier producto del tabaco y nicotina en los espacios 100 por ciento libres de humo de tabaco y emisiones, en los espacios cerrados, los lugares de trabajo, el transporte p\u00fablico, espacios de concurrencia colectiva, las escuelas p\u00fablicas y privadas en todos los niveles educativos y en cualquier otro lugar con acceso al p\u00fablico que en forma expresa lo establezca la Secretar\u00eda\u00bb, expone.\u00a0<\/strong><\/p>\n\n\n\n<p>Tambi\u00e9n, la&nbsp;<strong>Secretar\u00eda de Salud p<\/strong>ondr\u00e1 en operaci\u00f3n una l\u00ednea telef\u00f3nica de acceso gratuito para que los ciudadanos puedan efectuar denuncias, quejas y sugerencias sobre los espacios 100 por ciento libres de humo de tabaco y emisiones as\u00ed como el incumplimiento de esta Ley, sus reglamentos y dem\u00e1s disposiciones aplicables.&nbsp;<\/p>\n\n\n\n<p>Se establece un plazo de 60 d\u00edas posteriores a la publicaci\u00f3n del decreto para que los propietarios, administradores o responsables de los establecimientos o lugares con acceso al p\u00fablico, \u00e1reas de trabajo, p\u00fablicas y privadas, ubiquen las zonas exclusivas para fumar en espacios no interiores al aire libre.&nbsp;<\/p>\n\n\n\n<p>Asimismo, los gobiernos de las entidades federativas y de los municipios, deber\u00e1n adecuar sus Leyes, reglamentos, bandos y dem\u00e1s disposiciones jur\u00eddicas, de acuerdo con las competencias que a cada uno corresponda, para que sean congruentes con lo dispuesto en el decreto.<\/p>\n\n\n\n<p>fuente: https:\/\/heraldodemexico.com.mx\/nacional\/2021\/12\/14\/se-acabaron-los-comerciales-de-cigarros-senado-avala-prohibicion-publicidad-de-tabacaleras-362429.html<\/p>\n","protected":false},"excerpt":{"rendered":"<p>Las empresas no podr\u00e1n contratar ning\u00fan servicio de publicidad indirecta o directa para promover sus productos De manera un\u00e1nime, el pleno del&nbsp;Senado&nbsp;aval\u00f3 una reforma a la&nbsp;Ley General para el Control del Tabaco&nbsp;que proh\u00edbe a las tabacaleras contratar publicidad para promocionar sus productos. Con 97 votos a favor y cero en contra, los legisladores aprobaron el [&hellip;]<\/p>\n","protected":false},"author":2,"featured_media":99521,"comment_status":"open","ping_status":"open","sticky":false,"template":"","format":"standard","meta":{"footnotes":""},"categories":[56],"tags":[],"class_list":["post-99520","post","type-post","status-publish","format-standard","has-post-thumbnail","hentry","category-salud"],"_links":{"self":[{"href":"https:\/\/elcuartopoder.com.mx\/nw\/wp-json\/wp\/v2\/posts\/99520","targetHints":{"allow":["GET"]}}],"collection":[{"href":"https:\/\/elcuartopoder.com.mx\/nw\/wp-json\/wp\/v2\/posts"}],"about":[{"href":"https:\/\/elcuartopoder.com.mx\/nw\/wp-json\/wp\/v2\/types\/post"}],"author":[{"embeddable":true,"href":"https:\/\/elcuartopoder.com.mx\/nw\/wp-json\/wp\/v2\/users\/2"}],"replies":[{"embeddable":true,"href":"https:\/\/elcuartopoder.com.mx\/nw\/wp-json\/wp\/v2\/comments?post=99520"}],"version-history":[{"count":1,"href":"https:\/\/elcuartopoder.com.mx\/nw\/wp-json\/wp\/v2\/posts\/99520\/revisions"}],"predecessor-version":[{"id":99522,"href":"https:\/\/elcuartopoder.com.mx\/nw\/wp-json\/wp\/v2\/posts\/99520\/revisions\/99522"}],"wp:featuredmedia":[{"embeddable":true,"href":"https:\/\/elcuartopoder.com.mx\/nw\/wp-json\/wp\/v2\/media\/99521"}],"wp:attachment":[{"href":"https:\/\/elcuartopoder.com.mx\/nw\/wp-json\/wp\/v2\/media?parent=99520"}],"wp:term":[{"taxonomy":"category","embeddable":true,"href":"https:\/\/elcuartopoder.com.mx\/nw\/wp-json\/wp\/v2\/categories?post=99520"},{"taxonomy":"post_tag","embeddable":true,"href":"https:\/\/elcuartopoder.com.mx\/nw\/wp-json\/wp\/v2\/tags?post=99520"}],"curies":[{"name":"wp","href":"https:\/\/api.w.org\/{rel}","templated":true}]}}