{"id":99523,"date":"2021-12-16T11:30:53","date_gmt":"2021-12-16T16:30:53","guid":{"rendered":"http:\/\/elcuartopoder.com.mx\/nw\/?p=99523"},"modified":"2021-12-16T11:30:55","modified_gmt":"2021-12-16T16:30:55","slug":"lamentable-mueren-deshidratadas-11-jirafas-por-intensa-sequia-en-kenia","status":"publish","type":"post","link":"https:\/\/elcuartopoder.com.mx\/nw\/medio-ambiente\/lamentable-mueren-deshidratadas-11-jirafas-por-intensa-sequia-en-kenia\/","title":{"rendered":"\u00a1Lamentable! Mueren deshidratadas 11 jirafas por intensa sequ\u00eda en Kenia"},"content":{"rendered":"\n<h2 class=\"wp-block-heading\">Las jirafas, debilitadas por el hambre y la sed, quedaron atrapadas en el barro al intentar beber de un dep\u00f3sito casi seco<\/h2>\n\n\n\n<p>La<strong>&nbsp;muerte de once&nbsp;<a href=\"https:\/\/heraldodemexico.com.mx\/tendencias\/2021\/3\/17\/indignante-cazadores-furtivos-matan-la-ultima-jirafa-blanca-del-mundo-271658.html\">jirafas<\/a><\/strong>&nbsp;por deshidrataci\u00f3n al este de&nbsp;<strong>Kenia<\/strong>&nbsp;pone en evidencia la intensa&nbsp;<strong>sequ\u00eda<\/strong>&nbsp;que azota al pa\u00eds, esto por la ausencia de lluvias desde septiembre pasado como resultado de la&nbsp;<strong>crisis clim\u00e1tica<\/strong>.&nbsp;<\/p>\n\n\n\n<p>El\u00a0<strong>Centro Sabuli de Conservaci\u00f3n de Vida Silvestre<\/strong>\u00a0en el condado de Wajir, en\u00a0<strong>Kenia<\/strong>, inform\u00f3 a trav\u00e9s de su cuenta de Twitter en noviembre pasado de la muerte de once jirafas debido a que quedaron atrapadas al intentar beber de un dep\u00f3sito casi seco.\u00a0<\/p>\n\n\n\n<p> Las jirafas ya estaban debilitadas por el hambre y la sed, por lo que salir del barro les fue imposible y murieron. Fue el periodista Ed Sam quien capt\u00f3 las im\u00e1genes de las jirafas durante su visita a Eyrib, se\u00f1ala National Geographic.\u00a0 <\/p>\n\n\n\n<p>De acuerdo con el periodista, los pobladores aseguran que en los \u00faltimos dos a\u00f1os no ha llovido y que es considerada la peor sequ\u00eda en los \u00faltimos 40 a\u00f1os en Madagascar.&nbsp;<\/p>\n\n\n\n<h2 class=\"wp-block-heading\"><strong>Piden ayuda de la COP26&nbsp;<\/strong><\/h2>\n\n\n\n<p>El Centro Sabuli de Conservaci\u00f3n de Vida Silvestre pidi\u00f3 ayuda a los&nbsp;<strong>l\u00edderes de la COP26<\/strong>&nbsp;para intervenir en la situaci\u00f3n, pues a\u00f1adieron que tambi\u00e9n est\u00e1 afectando a otros animales.&nbsp;<\/p>\n\n\n\n<p>La sequ\u00eda en Kenia tambi\u00e9n ha matado a cientos de\u00a0<strong>cabezas de ganado<\/strong>, lo que afecta la seguridad alimentaria en la regi\u00f3n pues se trata del sustento de la poblaci\u00f3n.\u00a0<\/p>\n\n\n\n<div class=\"wp-block-image\"><figure class=\"aligncenter is-resized\"><img loading=\"lazy\" decoding=\"async\" src=\"http:\/\/elcuartopoder.com.mx\/nw\/wp-content\/uploads\/2021\/12\/FD6vsV-WQAghMPk-1-650x1024.jpg\" alt=\"\" class=\"wp-image-99525\" width=\"425\" height=\"670\" srcset=\"https:\/\/elcuartopoder.com.mx\/nw\/wp-content\/uploads\/2021\/12\/FD6vsV-WQAghMPk-1-650x1024.jpg 650w, https:\/\/elcuartopoder.com.mx\/nw\/wp-content\/uploads\/2021\/12\/FD6vsV-WQAghMPk-1-190x300.jpg 190w, https:\/\/elcuartopoder.com.mx\/nw\/wp-content\/uploads\/2021\/12\/FD6vsV-WQAghMPk-1-768x1211.jpg 768w, https:\/\/elcuartopoder.com.mx\/nw\/wp-content\/uploads\/2021\/12\/FD6vsV-WQAghMPk-1-696x1097.jpg 696w, https:\/\/elcuartopoder.com.mx\/nw\/wp-content\/uploads\/2021\/12\/FD6vsV-WQAghMPk-1.jpg 1284w\" sizes=\"auto, (max-width: 425px) 100vw, 425px\" \/><\/figure><\/div>\n\n\n\n<div class=\"wp-block-image\"><figure class=\"aligncenter is-resized\"><img loading=\"lazy\" decoding=\"async\" src=\"http:\/\/elcuartopoder.com.mx\/nw\/wp-content\/uploads\/2021\/12\/FD6vsYfWYAUqs0F-768x1024.jpg\" alt=\"\" class=\"wp-image-99526\" width=\"417\" height=\"556\" srcset=\"https:\/\/elcuartopoder.com.mx\/nw\/wp-content\/uploads\/2021\/12\/FD6vsYfWYAUqs0F-768x1024.jpg 768w, https:\/\/elcuartopoder.com.mx\/nw\/wp-content\/uploads\/2021\/12\/FD6vsYfWYAUqs0F-225x300.jpg 225w, https:\/\/elcuartopoder.com.mx\/nw\/wp-content\/uploads\/2021\/12\/FD6vsYfWYAUqs0F-696x928.jpg 696w, https:\/\/elcuartopoder.com.mx\/nw\/wp-content\/uploads\/2021\/12\/FD6vsYfWYAUqs0F.jpg 1536w\" sizes=\"auto, (max-width: 417px) 100vw, 417px\" \/><\/figure><\/div>\n\n\n\n<div class=\"wp-block-image\"><figure class=\"aligncenter is-resized\"><img loading=\"lazy\" decoding=\"async\" src=\"http:\/\/elcuartopoder.com.mx\/nw\/wp-content\/uploads\/2021\/12\/FD6vsYcXwAISpyY.jpg\" alt=\"\" class=\"wp-image-99527\" width=\"415\" height=\"553\" srcset=\"https:\/\/elcuartopoder.com.mx\/nw\/wp-content\/uploads\/2021\/12\/FD6vsYcXwAISpyY.jpg 750w, https:\/\/elcuartopoder.com.mx\/nw\/wp-content\/uploads\/2021\/12\/FD6vsYcXwAISpyY-225x300.jpg 225w, https:\/\/elcuartopoder.com.mx\/nw\/wp-content\/uploads\/2021\/12\/FD6vsYcXwAISpyY-696x928.jpg 696w\" sizes=\"auto, (max-width: 415px) 100vw, 415px\" \/><\/figure><\/div>\n\n\n\n<div class=\"wp-block-image\"><figure class=\"aligncenter is-resized\"><img loading=\"lazy\" decoding=\"async\" src=\"http:\/\/elcuartopoder.com.mx\/nw\/wp-content\/uploads\/2021\/12\/FD6vsYfXoAcTBLp.jpg\" alt=\"\" class=\"wp-image-99528\" width=\"416\" height=\"831\" srcset=\"https:\/\/elcuartopoder.com.mx\/nw\/wp-content\/uploads\/2021\/12\/FD6vsYfXoAcTBLp.jpg 500w, https:\/\/elcuartopoder.com.mx\/nw\/wp-content\/uploads\/2021\/12\/FD6vsYfXoAcTBLp-150x300.jpg 150w\" sizes=\"auto, (max-width: 416px) 100vw, 416px\" \/><\/figure><\/div>\n\n\n\n<p>Por celeste Guti\u00e9rrez<\/p>\n\n\n\n<p>Fuente:https:\/\/heraldodemexico.com.mx\/mundo\/2021\/12\/14\/lamentable-mueren-deshidratadas-11-jirafas-por-intensa-sequia-en-kenia-362395.html <\/p>\n","protected":false},"excerpt":{"rendered":"<p>Las jirafas, debilitadas por el hambre y la sed, quedaron atrapadas en el barro al intentar beber de un dep\u00f3sito casi seco La&nbsp;muerte de once&nbsp;jirafas&nbsp;por deshidrataci\u00f3n al este de&nbsp;Kenia&nbsp;pone en evidencia la intensa&nbsp;sequ\u00eda&nbsp;que azota al pa\u00eds, esto por la ausencia de lluvias desde septiembre pasado como resultado de la&nbsp;crisis clim\u00e1tica.&nbsp; El\u00a0Centro Sabuli de Conservaci\u00f3n de [&hellip;]<\/p>\n","protected":false},"author":2,"featured_media":99529,"comment_status":"open","ping_status":"open","sticky":false,"template":"","format":"standard","meta":{"footnotes":""},"categories":[66],"tags":[],"class_list":["post-99523","post","type-post","status-publish","format-standard","has-post-thumbnail","hentry","category-medio-ambiente"],"_links":{"self":[{"href":"https:\/\/elcuartopoder.com.mx\/nw\/wp-json\/wp\/v2\/posts\/99523","targetHints":{"allow":["GET"]}}],"collection":[{"href":"https:\/\/elcuartopoder.com.mx\/nw\/wp-json\/wp\/v2\/posts"}],"about":[{"href":"https:\/\/elcuartopoder.com.mx\/nw\/wp-json\/wp\/v2\/types\/post"}],"author":[{"embeddable":true,"href":"https:\/\/elcuartopoder.com.mx\/nw\/wp-json\/wp\/v2\/users\/2"}],"replies":[{"embeddable":true,"href":"https:\/\/elcuartopoder.com.mx\/nw\/wp-json\/wp\/v2\/comments?post=99523"}],"version-history":[{"count":1,"href":"https:\/\/elcuartopoder.com.mx\/nw\/wp-json\/wp\/v2\/posts\/99523\/revisions"}],"predecessor-version":[{"id":99530,"href":"https:\/\/elcuartopoder.com.mx\/nw\/wp-json\/wp\/v2\/posts\/99523\/revisions\/99530"}],"wp:featuredmedia":[{"embeddable":true,"href":"https:\/\/elcuartopoder.com.mx\/nw\/wp-json\/wp\/v2\/media\/99529"}],"wp:attachment":[{"href":"https:\/\/elcuartopoder.com.mx\/nw\/wp-json\/wp\/v2\/media?parent=99523"}],"wp:term":[{"taxonomy":"category","embeddable":true,"href":"https:\/\/elcuartopoder.com.mx\/nw\/wp-json\/wp\/v2\/categories?post=99523"},{"taxonomy":"post_tag","embeddable":true,"href":"https:\/\/elcuartopoder.com.mx\/nw\/wp-json\/wp\/v2\/tags?post=99523"}],"curies":[{"name":"wp","href":"https:\/\/api.w.org\/{rel}","templated":true}]}}