{"id":99531,"date":"2021-12-16T11:38:42","date_gmt":"2021-12-16T16:38:42","guid":{"rendered":"http:\/\/elcuartopoder.com.mx\/nw\/?p=99531"},"modified":"2021-12-16T11:38:44","modified_gmt":"2021-12-16T16:38:44","slug":"piden-a-senadores-legislar-para-que-cide-tenga-autonomia","status":"publish","type":"post","link":"https:\/\/elcuartopoder.com.mx\/nw\/nacionales\/piden-a-senadores-legislar-para-que-cide-tenga-autonomia\/","title":{"rendered":"Piden a senadores legislar para que CIDE tenga autonom\u00eda"},"content":{"rendered":"\n<h2 class=\"wp-block-heading\">Esa fue una de las peticiones que plante\u00f3 la Comisi\u00f3n de inconformes recibida por senadores y senadores en una reuni\u00f3n presidida por la presidenta de la comisi\u00f3n de Educaci\u00f3n, la morenista Antares V\u00e1zquez<\/h2>\n\n\n\n<p>Integrantes de la comunidad del Centro de Investigaci\u00f3n y Docencia Econ\u00f3micas (<strong>CIDE<\/strong>) pidieron al&nbsp;<a href=\"https:\/\/heraldodemexico.com.mx\/nacional\/2021\/12\/14\/senado-recibe-manifestantes-del-cide-manifestantes-bloquean-paseo-de-la-reforma-362338.html\" target=\"_blank\" rel=\"noreferrer noopener\">Senado&nbsp;<\/a>legislar para que este centro tenga autonom\u00eda, con la finalidad de ya no estar subordinado al&nbsp;<strong>Conacyt&nbsp;<\/strong>y as\u00ed tener libertad en la toma de decisiones de su vida interna.<\/p>\n\n\n\n<p>Esa fue una de las peticiones que plante\u00f3 la Comisi\u00f3n de inconformes recibida por senadores y senadores en una reuni\u00f3n presidida por la presidenta de la comisi\u00f3n de Educaci\u00f3n, la morenista<strong>\u00a0Antares V\u00e1zquez.<\/strong><\/p>\n\n\n\n<p> \u00abPara que no nos digan que somos bur\u00f3cratas, que somos una paraestatal, que nos tenemos que esperar a que la directora de\u00a0<strong>Conacyt\u00a0<\/strong>decida a qui\u00e9n quiere que nos dirija\u00bb, explic\u00f3 el acad\u00e9mico\u00a0<strong>Javier Aparicio<\/strong>\u00a0al referirse a la solicitud de autonom\u00eda. <\/p>\n\n\n\n<p> Los inconformes, que marcharon esta ma\u00f1ana hacia el Senado, reiteraron a los legisladores su principal demanda de quitar a\u00a0<strong>Jos\u00e9 Antonio Romero Tellaeche\u00a0<\/strong>de la direcci\u00f3n del\u00a0<a rel=\"noreferrer noopener\" href=\"https:\/\/heraldodemexico.com.mx\/nacional\/2021\/12\/14\/senado-se-declara-interlocutor-de-conflicto-en-el-cide-362400.html\" target=\"_blank\">CIDE\u00a0<\/a>pues se\u00f1alaron que hubo vicios en su designaci\u00f3n. <\/p>\n\n\n\n<p> \u00abConacyt lo design\u00f3 sin someter su nombramiento a votaci\u00f3n del Consejo Directivo del CIDE, el m\u00e1ximo \u00f3rgano de gobierno del centro y cuando lo hace as\u00ed esta violando la legalidad de nuestro centro p\u00fablico de Investigaci\u00f3n\u00bb, se\u00f1al\u00f3 Aparicio al salir de la reuni\u00f3n. <\/p>\n\n\n\n<p>Record\u00f3 que decidieron acudir a la C\u00e1mara Alta porque en varias ocasiones la directora de<strong>&nbsp;Conacyt Mar\u00eda Elena \u00c1lvarez-Buylla&nbsp;<\/strong>ha suspendido las convocatorias al di\u00e1logo para resolver el conflicto por la direcci\u00f3n del CIDE, que tiene cerradas las instalaciones desde hace dos semanas.<\/p>\n\n\n\n<p>La Comisi\u00f3n del&nbsp;<strong>CIDE&nbsp;<\/strong>que fue recibida esta tarde pidi\u00f3 a los Senadores interceder para que alguna dependencia del gobierno federal como la&nbsp;<strong>Segob&nbsp;<\/strong>o la&nbsp;<strong>SEP&nbsp;<\/strong>se conviertan en un intermediario entre la comunidad del CIDE y el Conacyt para llegar a un di\u00e1logo.<\/p>\n\n\n\n<p>\u00abLos distintos Senadores van a acercarse a la Secretar\u00eda de Gobernaci\u00f3n, a la secretar\u00eda de Educaci\u00f3n P\u00fablica, a la ciudad de M\u00e9xico, nos dijeron, para tratar de organizar algo desde estos \u00f3rganos que estructure el di\u00e1logo para que podamos hablar y todas las partes sean escuchadas\u00bb, mencion\u00f3 la profesora e investigadora Lorena Ruano, quien tambi\u00e9n form\u00f3 parte de la comisi\u00f3n recibida.<\/p>\n\n\n\n<p>Respecto a cu\u00e1ndo podr\u00eda darse el di\u00e1logo, precis\u00f3 que es algo que probablemente organizar\u00e1 la secretar\u00eda de Gobernaci\u00f3n pero aun no refirieron alguna fecha.<\/p>\n\n\n\n<p>\u00abLo que s\u00ed nos dijo el Senado es que ellos van a pedirle a la&nbsp;<strong>Segob&nbsp;<\/strong>que organice ese mecanismo de discusi\u00f3n\u00bb, a\u00f1adi\u00f3 Ruano.<\/p>\n\n\n\n<p>Sobre la petici\u00f3n de dotar de autonom\u00eda al&nbsp;<strong>CIDE<\/strong>, dijo que es un proceso a mediano plazo y los inconformes insistir\u00e1n en pedir que sea una realidad.<\/p>\n\n\n\n<p>De momento, el paro seguir\u00e1<\/p>\n\n\n\n<p>La estudiante&nbsp;<strong>Yamileth Guido&nbsp;<\/strong>asegur\u00f3 que se van contentos de la reuni\u00f3n con los legisladores, debido a que por fin fueron escuchados ante integrantes de todos los grupos parlamentarios.<\/p>\n\n\n\n<p>\u00abEscucharon nuestro pliego petitorio desde el estudiantado y se comprometieron a darle seguimiento al mismo para actuar como tercer agente\u00bb, resalt\u00f3 Guido.<\/p>\n\n\n\n<p>Aclar\u00f3 que el paro en las instalaciones del&nbsp;<strong>CIDE&nbsp;<\/strong>va a continuar \u00abmientras tomamos decisiones y recibimos respuesta de todos los acuerdos a los que llegamos hoy\u00bb.<\/p>\n\n\n\n<p>por Gerardo Su\u00e1rez<\/p>\n\n\n\n<p>fuente: https:\/\/heraldodemexico.com.mx\/nacional\/2021\/12\/14\/piden-senadores-legislar-para-que-cide-tenga-autonomia-362417.html<\/p>\n\n\n\n<p><\/p>\n\n\n\n<p><\/p>\n\n\n\n<p><\/p>\n","protected":false},"excerpt":{"rendered":"<p>Esa fue una de las peticiones que plante\u00f3 la Comisi\u00f3n de inconformes recibida por senadores y senadores en una reuni\u00f3n presidida por la presidenta de la comisi\u00f3n de Educaci\u00f3n, la morenista Antares V\u00e1zquez Integrantes de la comunidad del Centro de Investigaci\u00f3n y Docencia Econ\u00f3micas (CIDE) pidieron al&nbsp;Senado&nbsp;legislar para que este centro tenga autonom\u00eda, con la [&hellip;]<\/p>\n","protected":false},"author":2,"featured_media":99532,"comment_status":"open","ping_status":"open","sticky":false,"template":"","format":"standard","meta":{"footnotes":""},"categories":[55],"tags":[],"class_list":["post-99531","post","type-post","status-publish","format-standard","has-post-thumbnail","hentry","category-nacionales"],"_links":{"self":[{"href":"https:\/\/elcuartopoder.com.mx\/nw\/wp-json\/wp\/v2\/posts\/99531","targetHints":{"allow":["GET"]}}],"collection":[{"href":"https:\/\/elcuartopoder.com.mx\/nw\/wp-json\/wp\/v2\/posts"}],"about":[{"href":"https:\/\/elcuartopoder.com.mx\/nw\/wp-json\/wp\/v2\/types\/post"}],"author":[{"embeddable":true,"href":"https:\/\/elcuartopoder.com.mx\/nw\/wp-json\/wp\/v2\/users\/2"}],"replies":[{"embeddable":true,"href":"https:\/\/elcuartopoder.com.mx\/nw\/wp-json\/wp\/v2\/comments?post=99531"}],"version-history":[{"count":1,"href":"https:\/\/elcuartopoder.com.mx\/nw\/wp-json\/wp\/v2\/posts\/99531\/revisions"}],"predecessor-version":[{"id":99533,"href":"https:\/\/elcuartopoder.com.mx\/nw\/wp-json\/wp\/v2\/posts\/99531\/revisions\/99533"}],"wp:featuredmedia":[{"embeddable":true,"href":"https:\/\/elcuartopoder.com.mx\/nw\/wp-json\/wp\/v2\/media\/99532"}],"wp:attachment":[{"href":"https:\/\/elcuartopoder.com.mx\/nw\/wp-json\/wp\/v2\/media?parent=99531"}],"wp:term":[{"taxonomy":"category","embeddable":true,"href":"https:\/\/elcuartopoder.com.mx\/nw\/wp-json\/wp\/v2\/categories?post=99531"},{"taxonomy":"post_tag","embeddable":true,"href":"https:\/\/elcuartopoder.com.mx\/nw\/wp-json\/wp\/v2\/tags?post=99531"}],"curies":[{"name":"wp","href":"https:\/\/api.w.org\/{rel}","templated":true}]}}