{"id":99565,"date":"2021-12-16T16:04:49","date_gmt":"2021-12-16T21:04:49","guid":{"rendered":"http:\/\/elcuartopoder.com.mx\/nw\/?p=99565"},"modified":"2021-12-16T21:32:48","modified_gmt":"2021-12-17T02:32:48","slug":"los-psicologos-advierten-aumentan-las-separaciones-conflictivas-que-necesitan-de-psicoterapia","status":"publish","type":"post","link":"https:\/\/elcuartopoder.com.mx\/nw\/entretenimiento\/salud\/los-psicologos-advierten-aumentan-las-separaciones-conflictivas-que-necesitan-de-psicoterapia\/","title":{"rendered":"Los psic\u00f3logos advierten: aumentan las separaciones conflictivas que necesitan de psicoterapia"},"content":{"rendered":"\n<h2 class=\"wp-block-heading\">Aconseja que ambos progenitores se muestren disponibles a las preguntas y aclaraciones que necesiten los ni\u00f1os adaptadas a su edad<\/h2>\n\n\n\n<p>a psic\u00f3loga de Intervenci\u00f3n Social perteneciente al Colegio de Psicolog\u00eda de la Regi\u00f3n de Murcia (COP-RM), Mercedes Garc\u00eda Motos, ha advertido del&nbsp;<a href=\"https:\/\/www.abc.es\/familia\/padres-hijos\/abci-juicio-divorcio-unico-pone-disposicion-ciudadanos-ring-boxeo-201902200126_noticia.html\" target=\"_blank\" rel=\"noreferrer noopener\"><strong>\u00abconstante incremento de situaciones familiares complicadas derivadas de procesos de separaci\u00f3n conflictivos\u00bb<\/strong><\/a>. De hecho, ha se\u00f1alado que es una de las demandas de atenci\u00f3n psicol\u00f3gica mas frecuentes en los servicios sociales de atenci\u00f3n primaria. \u00ab<strong>En toda separaci\u00f3n, los padres han de hacer un trabajo ps\u00edquico dif\u00edcil, doloroso y a veces extenuante<\/strong>, ya que esta situaci\u00f3n reedita anteriores vivencias de abandono y de p\u00e9rdida\u00bb, tal y como se\u00f1ala esta psic\u00f3loga en declaraciones a Europa Press.<\/p>\n\n\n\n<p>Ha destacado que, en funci\u00f3n de si esas situaciones anteriores se han resuelto en la biograf\u00eda de los miembros de la pareja, \u00abdepender\u00e1 c\u00f3mo afronten esta nueva perdida y el consiguiente trabajo de duelo necesario para llevar a cabo los cambios que requiere todo nuevo proyecto de vida\u00bb.<\/p>\n\n\n\n<p>Cuando esto no es posible, Garc\u00eda ha lamentado que&nbsp;<a href=\"https:\/\/www.abc.es\/familia\/padres-hijos\/abci-jueces-estan-actuando-como-terceros-padres-201809260107_noticia.html\" target=\"_blank\" rel=\"noreferrer noopener\"><strong>el proceso de separaci\u00f3n genera una \u00abcaja de resonancia\u00bb<\/strong><\/a>&nbsp;que \u00abamplifica en los padres sentimientos de inseguridad, miedo a la soledad y sentimientos de culpa o de humillaci\u00f3n\u00bb.<\/p>\n\n\n\n<p>De hecho, advierte que, en estos casos, \u00abse acumulan un sin fin de ansiedades que les hace entrar en un ensimismamiento que no les permite ser sensibles a las necesidades emocionales de sus hijos\u00bb.&nbsp;<strong>\u00abCualquier ruptura afectiva implica ver en el ex partener todos los aspectos negativos que antes quedaban minimizados por la relaci\u00f3n amorosa\u00bb<\/strong>, seg\u00fan esta profesional. De esta manera, se\u00f1ala que \u00abla hostilidad se instala en la relaci\u00f3n y, por tanto, la desconfianza\u00bb.<\/p>\n\n\n\n<p>En este sentido, Garc\u00eda ha recordado que la pareja se disuelve pero \u00abhan de permanecer unidos como padres\u00bb, llegando a acuerdos respecto de los hijos \u00aben el momento en que menos l\u00facido se est\u00e1 para ello y cuando menos disponibilidad emocional se tiene para esta tarea\u00bb. As\u00ed, ha advertido que&nbsp;<strong>los padres \u00abdesconectan emocionalmente\u00bb de sus hijos cuando mas los necesitan<\/strong>, lo que les lleva a vivir \u00abimportantes carencias emocionales e intensos sentimientos de abandono\u00bb.<\/p>\n\n\n\n<h3 class=\"wp-block-heading\">La edad de los menores<\/h3>\n\n\n\n<p>Al ser preguntada por si influye la edad de los menores en el momento de la separaci\u00f3n, Garc\u00eda ha puntualizado que \u00abno se trata tanto de la edad sino de qu\u00e9 le transmiten los padres a los hijos, si les facilitan una explicaci\u00f3n comprensible, si no se muestra una hostilidad pertinaz hacia la ex-pareja, y si hay un di\u00e1logo fluido respecto de las necesidades del hijo o hija\u00bb.<\/p>\n\n\n\n<p>De hecho, ha desmentido que los ni\u00f1os m\u00e1s peque\u00f1os lo asuman con m\u00e1s naturalidad. \u00abEsa es una idea muy extendida pero falsa; como ve\u00edamos antes no se trata de la edad de los ni\u00f1os sino de c\u00f3mo act\u00faan los padres\u00bb, ha manifestado.<\/p>\n\n\n\n<p>\u00abCuando hablamos de edades tempranas puede ser muy dif\u00edcil para el ni\u00f1o o ni\u00f1a la separaci\u00f3n de sus padres si no hay una explicaci\u00f3n, si no hay un relato de lo que est\u00e1 ocurriendo\u00bb, seg\u00fan Garc\u00eda, quien reconoce que \u00abes muy com\u00fan pensar que al ser peque\u00f1os o porque son beb\u00e9s no perciben lo que les rodea\u00bb. A su juicio, \u00ab<strong>es imprescindible que ambos progenitores se muestren disponibles a las preguntas y aclaraciones que necesiten los ni\u00f1os; siempre adaptadas a su edad<\/strong>\u00bb.<\/p>\n\n\n\n<p>En este sentido, ha precisado que,&nbsp;<strong>cuando los hijos son m\u00e1s peque\u00f1os, tienen menos recursos mentales para procesar lo que ocurre<\/strong>, siendo m\u00e1s permeables a los estados an\u00edmicos de los padres. \u00abCon lo cual, padres nerviosos, alterados o irascibles van a condicionar el estado emocional del ni\u00f1o, cre\u00e1ndole inseguridades, temores y cierta fragilidad emocional\u00bb, ha remarcado. Adem\u00e1s, ha se\u00f1alado que otro momento \u00abespecialmente sensible\u00bb es la adolescencia, cuando el propio proceso interno de transformaci\u00f3n del chico o chica \u00aba\u00f1ade complejidad\u00bb.<\/p>\n\n\n\n<h3 class=\"wp-block-heading\">Repercusiones en la subjetividad infantil<\/h3>\n\n\n\n<p>Respecto a las repercusiones que tiene un proceso de separaci\u00f3n conflictivo en la subjetividad infantil, Garc\u00eda apunta a la \u00abperturbaci\u00f3n en el juicio de realidad\u00bb, es decir, \u00abla alteraci\u00f3n de la capacidad para procesar la realidad y tomar conciencia de ella, debido a la confrontaci\u00f3n de dos versiones antag\u00f3nicas\u00bb. Tambi\u00e9n ha advertido que otro posible efecto es \u00abla ca\u00edda precoz de la imagen idealizada de los padres\u00bb. Y es que \u00ablos ni\u00f1os construyen su autoestima al tomar como modelos a los padres idealizados y fantasear con parecerse a ellos\u00bb. Por ello,&nbsp;<strong>los padres que se descalifican mutuamente \u00abimpiden este proceso, lo que tiene consecuencias a corto y largo plazo en la autoestima de los hijos<\/strong>\u00bb.<\/p>\n\n\n\n<p>Tambi\u00e9n conllevar\u00eda dificultades para interiorizar las normas porque&nbsp;<a href=\"https:\/\/www.abc.es\/familia\/padres-hijos\/abci-juez-familia-veces-digo-padres-sean-egoistas-y-olviden-hijos-202102232112_noticia.html\" target=\"_blank\" rel=\"noreferrer noopener\">los ni\u00f1os utilizados como mensajeros, \u00e1rbitros o jueces de sus padres \u00abaprenden tempranamente a desconfiar de estos y a rentabilizar sus desavenencias\u00bb<\/a>. As\u00ed, \u00abdesaf\u00edan las normas de todo tipo y especialmente las educativas\u00ab. Asimismo, ha alertado que puede conllevar un \u00abdesarrollo prematuro defensivo derivado de la inversi\u00f3n de roles cuando uno de los hijos es convocado a ejercer un rol sustitutivo del compa\u00f1ero ausente\u00bb.<\/p>\n\n\n\n<p>Tambi\u00e9n ha advertido del rechazo que sufren algunos hijos por parte de su padre o madre \u00abal reconocer en ellos rasgos que les recuerdan a su expareja\u00bb. \u00abLa desatenci\u00f3n de las necesidades emocionales, como hemos visto, no solo de los hijos, sino tambi\u00e9n de los padres en conflicto, puede derivar en importantes desajustes afectivos y relacionales\u00bb, seg\u00fan esta profesional.<\/p>\n\n\n\n<p>Ha precisado que esto \u00abno comporta necesariamente una patolog\u00eda mental , pero existe un amplio espectro de sufrimiento que oscila entre leves desajustes,&nbsp;<a href=\"https:\/\/www.abc.es\/familia\/parejas\/abci-divorcio-plomo-siempre-camino-aunque-termine-custodia-compartida-201911270143_noticia.html\" target=\"_blank\" rel=\"noreferrer noopener\">hasta verdaderos casos de maltrato infantil y adolescente por violencia psicol\u00f3gica ejercida por padres, madres y familiares<\/a>&nbsp;dif\u00edcil de nombrar pero existente\u00bb. En este sentido, ha ensalzado que la atenci\u00f3n psicol\u00f3gica en los Centros de Servicios Sociales de Atenci\u00f3n Primaria \u00abviene realizando la intervenci\u00f3n y prevenci\u00f3n necesaria para evitar que estos conflictos cristalicen en patolog\u00eda ps\u00edquica, minimizando da\u00f1os y reduciendo esta violencia invisible ejercida sobre nuestra infancia y adolescencia\u00bb.<\/p>\n\n\n\n<h3 class=\"wp-block-heading\">\u00bfQu\u00e9 deben hacer los padres?<\/h3>\n\n\n\n<p>Garc\u00eda ha se\u00f1alado que la separaci\u00f3n es un momento \u00abespecialmente dif\u00edcil\u00bb, ya que \u00abse reactivan y actualizan angustias y temores ligados a la biograf\u00eda de cada miembro de la pareja\u00bb. Y es que \u00abcada uno est\u00e1 centrado en s\u00ed mismo y tiene grandes dificultades para conservar la calma necesaria y pensar en las necesidades emocionales de los hijos\u00bb. En su opini\u00f3n, una buena decisi\u00f3n \u00abser\u00eda consultar o demandar asesoramiento psicol\u00f3gico siempre que se sientan necesitados y precisen orientaci\u00f3n para acompa\u00f1ar a sus hijos en este proceso\u00bb.<\/p>\n\n\n\n<p>A este respecto, ha asegurado que&nbsp;<a href=\"https:\/\/www.abc.es\/familia\/parejas\/abci-dialogos-familia-tomarse-serio-pareja-formarse-invertir-ella-igual-haces-vida-profesional-202110112358_video.html\" target=\"_blank\" rel=\"noreferrer noopener\"><strong>el di\u00e1logo \u00abes la mejor receta\u00bb<\/strong>,<\/a>&nbsp;pero insta a ser conscientes de que \u00aben este momento es muy complicado mantener una conversaci\u00f3n serena\u00bb. Por ello, subraya la importancia de la presencia de un tercero: el psicoterapeuta,&nbsp;<a href=\"https:\/\/www.abc.es\/familia\/parejas\/abci-mediamos-o-batallamos-cuestion-201911280212_noticia.html\" target=\"_blank\" rel=\"noreferrer noopener\">\u00abque ayudar\u00e1 a la reflexi\u00f3n y a hacer presente las necesidades de los hijos\u00bb<\/a>. Al ser preguntada por c\u00f3mo repercute si uno de los padres tiene una nueva pareja, Garc\u00eda ha reconocido que \u00abtodo depende de c\u00f3mo se establezcan las relaciones, de c\u00f3mo se presente a esa nueva pareja y de c\u00f3mo la ex-pareja acepte esa nueva relaci\u00f3n\u00bb.<\/p>\n\n\n\n<p>Sobre todo, ha considerado \u00abfundamental\u00bb que el padre o la madre \u00abno lo viva como una amenaza para su propia relaci\u00f3n con los hijos\u00bb porque<strong>\u00a0\u00abpuede despertar celos y el temor a perder el lugar de padre o madre\u00bb<\/strong>. De hecho, ha advertido que, a veces, para garantizarse ese lugar y siendo conscientes de que no les dan el tiempo que necesitan, los padres \u00abinundan a los hijos con regalos en el intento de compensar sus propias inseguridades, sin tener en cuenta en ning\u00fan momento las necesidades emocionales de sus hijos\u00bb.<\/p>\n\n\n\n<p>fuente: https:\/\/www.abc.es\/familia\/padres-hijos\/abci-psicologos-advierten-aumentan-separaciones-conflictivas-necesitan-psicoterapia-202112160038_noticia.html<\/p>\n","protected":false},"excerpt":{"rendered":"<p>Aconseja que ambos progenitores se muestren disponibles a las preguntas y aclaraciones que necesiten los ni\u00f1os adaptadas a su edad a psic\u00f3loga de Intervenci\u00f3n Social perteneciente al Colegio de Psicolog\u00eda de la Regi\u00f3n de Murcia (COP-RM), Mercedes Garc\u00eda Motos, ha advertido del&nbsp;\u00abconstante incremento de situaciones familiares complicadas derivadas de procesos de separaci\u00f3n conflictivos\u00bb. De hecho, [&hellip;]<\/p>\n","protected":false},"author":2,"featured_media":99566,"comment_status":"open","ping_status":"open","sticky":false,"template":"","format":"standard","meta":{"footnotes":""},"categories":[56],"tags":[],"class_list":["post-99565","post","type-post","status-publish","format-standard","has-post-thumbnail","hentry","category-salud"],"_links":{"self":[{"href":"https:\/\/elcuartopoder.com.mx\/nw\/wp-json\/wp\/v2\/posts\/99565","targetHints":{"allow":["GET"]}}],"collection":[{"href":"https:\/\/elcuartopoder.com.mx\/nw\/wp-json\/wp\/v2\/posts"}],"about":[{"href":"https:\/\/elcuartopoder.com.mx\/nw\/wp-json\/wp\/v2\/types\/post"}],"author":[{"embeddable":true,"href":"https:\/\/elcuartopoder.com.mx\/nw\/wp-json\/wp\/v2\/users\/2"}],"replies":[{"embeddable":true,"href":"https:\/\/elcuartopoder.com.mx\/nw\/wp-json\/wp\/v2\/comments?post=99565"}],"version-history":[{"count":1,"href":"https:\/\/elcuartopoder.com.mx\/nw\/wp-json\/wp\/v2\/posts\/99565\/revisions"}],"predecessor-version":[{"id":99567,"href":"https:\/\/elcuartopoder.com.mx\/nw\/wp-json\/wp\/v2\/posts\/99565\/revisions\/99567"}],"wp:featuredmedia":[{"embeddable":true,"href":"https:\/\/elcuartopoder.com.mx\/nw\/wp-json\/wp\/v2\/media\/99566"}],"wp:attachment":[{"href":"https:\/\/elcuartopoder.com.mx\/nw\/wp-json\/wp\/v2\/media?parent=99565"}],"wp:term":[{"taxonomy":"category","embeddable":true,"href":"https:\/\/elcuartopoder.com.mx\/nw\/wp-json\/wp\/v2\/categories?post=99565"},{"taxonomy":"post_tag","embeddable":true,"href":"https:\/\/elcuartopoder.com.mx\/nw\/wp-json\/wp\/v2\/tags?post=99565"}],"curies":[{"name":"wp","href":"https:\/\/api.w.org\/{rel}","templated":true}]}}