{"id":99578,"date":"2021-12-16T22:55:25","date_gmt":"2021-12-17T03:55:25","guid":{"rendered":"http:\/\/elcuartopoder.com.mx\/nw\/?p=99578"},"modified":"2021-12-16T22:55:27","modified_gmt":"2021-12-17T03:55:27","slug":"decomisan-casi-250-kilos-de-cocaina-en-aeronave-que-aterrizo-en-chiapas-no-se-reportan-detenidos","status":"publish","type":"post","link":"https:\/\/elcuartopoder.com.mx\/nw\/policiacas\/decomisan-casi-250-kilos-de-cocaina-en-aeronave-que-aterrizo-en-chiapas-no-se-reportan-detenidos\/","title":{"rendered":"Decomisan casi 250 kilos de coca\u00edna en aeronave que aterriz\u00f3 en Chiapas; no se reportan detenidos"},"content":{"rendered":"\n<p><strong>CHIAPAS, MX.-<\/strong>\u00a0Una aeronave que se intern\u00f3 de forma il\u00edcita en el espacio a\u00e9reo mexicano con 246 kilos de polvo de caracter\u00edsticas similares a la coca\u00edna fue asegurada este mi\u00e9rcoles en Mapastepec, por elementos del Ej\u00e9rcito, anunci\u00f3 un comunicado de la Secretar\u00eda de la Defensa Nacional, public\u00f3\u00a0<strong>El Financiero<\/strong>.<\/p>\n\n\n\n<p>El aseguramiento se realiz\u00f3 luego de que el Sistema Integral de Vigilancia A\u00e9rea detectara a la aeronave, lo que activ\u00f3 los procedimientos de inteligencia para la protecci\u00f3n del espacio a\u00e9reo nacional, dijo el documento.<\/p>\n\n\n\n<p>\u201cSe desplegaron las unidades de intercepci\u00f3n a\u00e9rea y plataformas de vigilancia; posteriormente, la aeronave sospechosa aterriz\u00f3 en el municipio de Mapastepec, por lo que fuerzas de reacci\u00f3n terrestres y aerotransportadas, se trasladaron a ese lugar\u201d.<\/p>\n\n\n\n<p>Adem\u00e1s de la aeronave, personal militar asegur\u00f3 el polvo blanco que estaba repartido en 11 paquetes, tres veh\u00edculos, una cuatrimoto y tres motocicletas.<\/p>\n\n\n\n<p>La aeronave es una unidad GULFSTREAM III con la matr\u00edcula XB-RKG.<\/p>\n\n\n\n<p>Todo lo asegurado fue puesto a disposici\u00f3n de las autoridades correspondientes, dijo el bolet\u00edn de la SEDENA. <\/p>\n\n\n\n<p><strong>Fuente:<\/strong> El Financiero<\/p>\n","protected":false},"excerpt":{"rendered":"<p>CHIAPAS, MX.-\u00a0Una aeronave que se intern\u00f3 de forma il\u00edcita en el espacio a\u00e9reo mexicano con 246 kilos de polvo de caracter\u00edsticas similares a la coca\u00edna fue asegurada este mi\u00e9rcoles en Mapastepec, por elementos del Ej\u00e9rcito, anunci\u00f3 un comunicado de la Secretar\u00eda de la Defensa Nacional, public\u00f3\u00a0El Financiero. El aseguramiento se realiz\u00f3 luego de que el [&hellip;]<\/p>\n","protected":false},"author":2,"featured_media":99579,"comment_status":"open","ping_status":"open","sticky":false,"template":"","format":"standard","meta":{"footnotes":""},"categories":[23],"tags":[],"class_list":["post-99578","post","type-post","status-publish","format-standard","has-post-thumbnail","hentry","category-policiacas"],"_links":{"self":[{"href":"https:\/\/elcuartopoder.com.mx\/nw\/wp-json\/wp\/v2\/posts\/99578","targetHints":{"allow":["GET"]}}],"collection":[{"href":"https:\/\/elcuartopoder.com.mx\/nw\/wp-json\/wp\/v2\/posts"}],"about":[{"href":"https:\/\/elcuartopoder.com.mx\/nw\/wp-json\/wp\/v2\/types\/post"}],"author":[{"embeddable":true,"href":"https:\/\/elcuartopoder.com.mx\/nw\/wp-json\/wp\/v2\/users\/2"}],"replies":[{"embeddable":true,"href":"https:\/\/elcuartopoder.com.mx\/nw\/wp-json\/wp\/v2\/comments?post=99578"}],"version-history":[{"count":1,"href":"https:\/\/elcuartopoder.com.mx\/nw\/wp-json\/wp\/v2\/posts\/99578\/revisions"}],"predecessor-version":[{"id":99580,"href":"https:\/\/elcuartopoder.com.mx\/nw\/wp-json\/wp\/v2\/posts\/99578\/revisions\/99580"}],"wp:featuredmedia":[{"embeddable":true,"href":"https:\/\/elcuartopoder.com.mx\/nw\/wp-json\/wp\/v2\/media\/99579"}],"wp:attachment":[{"href":"https:\/\/elcuartopoder.com.mx\/nw\/wp-json\/wp\/v2\/media?parent=99578"}],"wp:term":[{"taxonomy":"category","embeddable":true,"href":"https:\/\/elcuartopoder.com.mx\/nw\/wp-json\/wp\/v2\/categories?post=99578"},{"taxonomy":"post_tag","embeddable":true,"href":"https:\/\/elcuartopoder.com.mx\/nw\/wp-json\/wp\/v2\/tags?post=99578"}],"curies":[{"name":"wp","href":"https:\/\/api.w.org\/{rel}","templated":true}]}}